{"id":51133,"date":"2024-02-27T13:42:12","date_gmt":"2024-02-27T19:42:12","guid":{"rendered":"https:\/\/encuentroinformativo.com.mx\/?p=51133"},"modified":"2024-02-27T13:42:18","modified_gmt":"2024-02-27T19:42:18","slug":"se-prepara-tev-para-casos-de-violencia-mediatica-e-inteligencia-artificial","status":"publish","type":"post","link":"https:\/\/encuentroinformativo.com.mx\/?p=51133","title":{"rendered":"Se prepara TEV para casos de violencia medi\u00e1tica e inteligencia artificial"},"content":{"rendered":"\n<p><strong>Dar\u00edo Pale.<\/strong><\/p>\n\n\n\n<p>Xalapa, Ver.- Enfrentar\u00e1 el Tribunal Electoral de Veracruz (TEV) violencia medi\u00e1tica e inteligencia artificial, el a\u00f1o pasado emiti\u00f3 el Tribunal m\u00e1s de 30 sanciones a medios por violencia medi\u00e1tica, se impartir\u00e1 curso por parte de la Escuela Judicial Electoral del TEPJF, as\u00ed lo dio a conocer la magistrada presidenta del TEV, Tania Celina V\u00e1squez Mu\u00f1\u00f3z.<\/p>\n\n\n\n<p>En conferencia de prensa se\u00f1al\u00f3 que ante los retos que hoy enfrentan los \u00f3rganos jurisdiccionales como el TEV, tales como la inteligencia artificial o la violencia de g\u00e9nero digital o de medios de comunicaci\u00f3n; se llevar\u00e1 a cabo una capacitaci\u00f3n por parte del Poder Judicial de la Federaci\u00f3n.<\/p>\n\n\n\n<p>Y es que tan s\u00f3lo al cierre del 2023, el TEV emiti\u00f3 m\u00e1s de 30 sanciones a distintos medios de comunicaci\u00f3n, por lo tanto es muy importante llevar a cabo acciones para prevenir ese tipo de violencia.<\/p>\n\n\n\n<p>Adem\u00e1s puntualiz\u00f3 que ser\u00e1 la Escuela Judicial Electoral de dicha soberan\u00eda la que impartir\u00e1 la capacitaci\u00f3n al personal del Tribunal.<\/p>\n\n\n\n<p>&#8220;Uno de los grandes retos que enfrentamos no s\u00f3lo por la Violencia Pol\u00edtica en Raz\u00f3n de G\u00e9nero, sino en sus diversas modalidades como la digital o la medi\u00e1tica&#8221;, se\u00f1al\u00f3.<\/p>\n\n\n\n<p>Subray\u00f3 que los medios de comunicaci\u00f3n no tienen claro cu\u00e1ndo se comete alguna conducta de este tipo o no desconocen cuando pueden ser vulnerados por alguna autoridad.<\/p>\n\n\n\n<p>Por ello, tambi\u00e9n anunci\u00f3 que habr\u00e1 un curso para los representantes de los medios de comunicaci\u00f3n y aprendan a c\u00f3mo evitar ese tipo de violencias que en nada abonan.<\/p>\n\n\n\n<p>Reconoci\u00f3 que los medios de comunicaci\u00f3n no lo hacen por alg\u00fan tipo de sesgo, sino porque desconocen que al llevar a cabo determinadas conductas, pueden cometer violencia medi\u00e1tica o digital.<\/p>\n\n\n\n<p>Record\u00f3 que la violencia digital es aquella que se comete cuando se comparte alg\u00fan tipo de contenido privado y se rebasa esa &#8220;delgada l\u00ednea&#8221;.<\/p>\n\n\n\n<p>La Magistrada agreg\u00f3 que la violencia medi\u00e1tica es cuando un medio alude a las cualidades de una persona en raz\u00f3n de g\u00e9nero como repetir estereotipos como &#8220;tendr\u00eda que estar en su casa&#8221;.<\/p>\n\n\n\n<p>Aclar\u00f3 que los medios de comunicaci\u00f3n hacen cr\u00edtica respecto del trabajo de las servidoras p\u00fablicas, eso est\u00e1 bien porque existe la libertad de expresi\u00f3n.<\/p>\n\n\n\n<p>&#8220;S\u00f3lo que estas delgadas l\u00edneas, vistas a la luz de los ejemplos, de los expertos que vendr\u00e1n estos d\u00edas, entre ellos, la presidenta y los magistrados que integran el Tribunal Electoral del Poder Judicial de la Federaci\u00f3n, ser\u00e1 muy importante que escuchen lo que dicen&#8221;, asever\u00f3.<\/p>\n\n\n\n<p>Anunci\u00f3 que estar\u00e1 otro magistrado de la Sala de Guadalajara para hablar especialmente sobre inteligencia artificial, de cara al proceso electoral.<\/p>\n\n\n\n<p>Por \u00faltimo V\u00e1squez Mu\u00f1oz coment\u00f3 que la sanci\u00f3n a los medios va desde una amonestaci\u00f3n, el bajar las notas y, en el caso de reincidencia, multas, aunque el peor escenario podr\u00eda perder la concesi\u00f3n para el caso de emisoras de radio o televisi\u00f3n.<\/p>\n","protected":false},"excerpt":{"rendered":"<p>Dar\u00edo Pale. Xalapa, Ver.- Enfrentar\u00e1 el Tribunal Electoral de Veracruz (TEV) violencia medi\u00e1tica e inteligencia artificial, el a\u00f1o pasado emiti\u00f3 el Tribunal m\u00e1s de 30 sanciones a medios por violencia medi\u00e1tica, se impartir\u00e1 curso por parte de la Escuela Judicial Electoral del TEPJF, as\u00ed lo dio a conocer la magistrada presidenta del TEV, Tania Celina [&hellip;]<\/p>\n","protected":false},"author":2476,"featured_media":51134,"comment_status":"open","ping_status":"open","sticky":false,"template":"","format":"standard","meta":{"_jetpack_memberships_contains_paid_content":false,"footnotes":""},"categories":[2],"tags":[],"class_list":["post-51133","post","type-post","status-publish","format-standard","has-post-thumbnail","hentry","category-estado"],"jetpack_featured_media_url":"https:\/\/encuentroinformativo.com.mx\/wp-content\/uploads\/2024\/02\/IMG-20240227-WA01322.jpg","jetpack_sharing_enabled":true,"jetpack_likes_enabled":true,"amp_enabled":true,"_links":{"self":[{"href":"https:\/\/encuentroinformativo.com.mx\/index.php?rest_route=\/wp\/v2\/posts\/51133","targetHints":{"allow":["GET"]}}],"collection":[{"href":"https:\/\/encuentroinformativo.com.mx\/index.php?rest_route=\/wp\/v2\/posts"}],"about":[{"href":"https:\/\/encuentroinformativo.com.mx\/index.php?rest_route=\/wp\/v2\/types\/post"}],"author":[{"embeddable":true,"href":"https:\/\/encuentroinformativo.com.mx\/index.php?rest_route=\/wp\/v2\/users\/2476"}],"replies":[{"embeddable":true,"href":"https:\/\/encuentroinformativo.com.mx\/index.php?rest_route=%2Fwp%2Fv2%2Fcomments&post=51133"}],"version-history":[{"count":1,"href":"https:\/\/encuentroinformativo.com.mx\/index.php?rest_route=\/wp\/v2\/posts\/51133\/revisions"}],"predecessor-version":[{"id":51135,"href":"https:\/\/encuentroinformativo.com.mx\/index.php?rest_route=\/wp\/v2\/posts\/51133\/revisions\/51135"}],"wp:featuredmedia":[{"embeddable":true,"href":"https:\/\/encuentroinformativo.com.mx\/index.php?rest_route=\/wp\/v2\/media\/51134"}],"wp:attachment":[{"href":"https:\/\/encuentroinformativo.com.mx\/index.php?rest_route=%2Fwp%2Fv2%2Fmedia&parent=51133"}],"wp:term":[{"taxonomy":"category","embeddable":true,"href":"https:\/\/encuentroinformativo.com.mx\/index.php?rest_route=%2Fwp%2Fv2%2Fcategories&post=51133"},{"taxonomy":"post_tag","embeddable":true,"href":"https:\/\/encuentroinformativo.com.mx\/index.php?rest_route=%2Fwp%2Fv2%2Ftags&post=51133"}],"curies":[{"name":"wp","href":"https:\/\/api.w.org\/{rel}","templated":true}]}}