{"id":51136,"date":"2024-02-27T13:53:24","date_gmt":"2024-02-27T19:53:24","guid":{"rendered":"https:\/\/encuentroinformativo.com.mx\/?p=51136"},"modified":"2024-02-27T13:53:30","modified_gmt":"2024-02-27T19:53:30","slug":"por-lo-bueno-vale-la-pena-organizarse-pepe-yunes","status":"publish","type":"post","link":"https:\/\/encuentroinformativo.com.mx\/?p=51136","title":{"rendered":"Por lo bueno, vale la pena organizarse: Pepe Yunes"},"content":{"rendered":"\n<p><strong>Dar\u00edo Pale <\/strong><\/p>\n\n\n\n<p>Xalapa, Ver.- M\u00e9xico tendr\u00e1 rostro de mujer desde un gobierno que las entienda con X\u00f3chitl G\u00e1lvez, &#8220;Nada es imposible, vamos a ganar&#8221;, as\u00ed lo dio a conocer Jos\u00e9 Francisco Yunes Zorrilla, aspirante a la gubernatura de Veracruz, por la alianza &#8220;Fuerza y Coraz\u00f3n por Veracruz&#8221;.<\/p>\n\n\n\n<p>En entrevista posterior a la entrega de la constancia como candidato del PRI para gobernador de Veracruz; expres\u00f3 que &#8220;nada es imposible&#8221; y que por lo bueno vale la pena organizarse y vale la pena luchar para ganar el 2 de junio.<\/p>\n\n\n\n<p>Afirm\u00f3 que nuestro estado est\u00e1 determinado a hacer lo que tiene que hacer, con la Ley en la mano para corregir el rumbo y, sacudir el abandono en el que tiene sumida esta &#8220;p\u00e9sima&#8221; administraci\u00f3n.<\/p>\n\n\n\n<p>Agreg\u00f3 que este gobierno de Morena ha dejado solos a los veracruzanos, incluso es una gesti\u00f3n que apuesta porque los ciudadanos normalicen la violencia y aprendan a vivir con angustia de manera cotidiana.<\/p>\n\n\n\n<p>No olvid\u00f3 reiterar que este gobierno de Cuitl\u00e1huac Garc\u00eda Jim\u00e9nez ha abandonado al campo y ha dejado a la gente a su suerte, perdiendo productividad.<\/p>\n\n\n\n<p>El candidato de la alianza PRI-PAN-PRD, record\u00f3 que Veracruz siempre hab\u00eda sido potencia nacional, potencia productiva, marco de buen ejercicio pol\u00edtico.<\/p>\n\n\n\n<p>Veracruz impuls\u00f3 liderazgos que acompa\u00f1aban el desarrollo del pa\u00eds, en la vida pol\u00edtica y econ\u00f3mica, pero algo pas\u00f3 en el camino.<\/p>\n\n\n\n<p>&#8220;Y nadie mejor que las y los pri\u00edstas sabemos lo que tenemos que hacer para volver a \u00a0traer a tiempo presente, en la vida diaria, esa imagen de grandeza que en el simple hecho y dicho, representaba Veracruz&#8221;, se\u00f1al\u00f3.<\/p>\n\n\n\n<p>Pepe Yunes enfatiz\u00f3 que &#8220;nada es imposible&#8221; y que por lo bueno vale la pena organizarse y vale la pena luchar.<\/p>\n\n\n\n<p>&#8220;La pr\u00f3xima administraci\u00f3n tendr\u00e1 rostro de mujer desde un gobierno que las entienda, que deje a un lado la demagogia. Vamos con fuerza, con determinaci\u00f3n porque tenemos una extraordinaria candidata a la presidencia de la Rep\u00fablica.<br>Porque X\u00f3chitl G\u00e1lvez tendr\u00e1 est\u00e1 visi\u00f3n y este compromiso. Sabe que el esfuerzo, que el sacrificio personal siempre debe tener renta y ventaja en lo individual&#8221;, destac\u00f3.<\/p>\n\n\n\n<p>Finalmente, expres\u00f3 a la militancia que el tes\u00f3n requiere del acompa\u00f1amiento de lo p\u00fablico, por eso es que le dan su respaldo y por ello la har\u00e1n la pr\u00f3xima presidenta de M\u00e9xico.<\/p>\n","protected":false},"excerpt":{"rendered":"<p>Dar\u00edo Pale Xalapa, Ver.- M\u00e9xico tendr\u00e1 rostro de mujer desde un gobierno que las entienda con X\u00f3chitl G\u00e1lvez, &#8220;Nada es imposible, vamos a ganar&#8221;, as\u00ed lo dio a conocer Jos\u00e9 Francisco Yunes Zorrilla, aspirante a la gubernatura de Veracruz, por la alianza &#8220;Fuerza y Coraz\u00f3n por Veracruz&#8221;. En entrevista posterior a la entrega de la [&hellip;]<\/p>\n","protected":false},"author":2476,"featured_media":51137,"comment_status":"open","ping_status":"open","sticky":false,"template":"","format":"standard","meta":{"_jetpack_memberships_contains_paid_content":false,"footnotes":""},"categories":[2],"tags":[],"class_list":["post-51136","post","type-post","status-publish","format-standard","has-post-thumbnail","hentry","category-estado"],"jetpack_featured_media_url":"https:\/\/encuentroinformativo.com.mx\/wp-content\/uploads\/2024\/02\/IMG-20240227-WA0101.jpg","jetpack_sharing_enabled":true,"jetpack_likes_enabled":true,"amp_enabled":true,"_links":{"self":[{"href":"https:\/\/encuentroinformativo.com.mx\/index.php?rest_route=\/wp\/v2\/posts\/51136","targetHints":{"allow":["GET"]}}],"collection":[{"href":"https:\/\/encuentroinformativo.com.mx\/index.php?rest_route=\/wp\/v2\/posts"}],"about":[{"href":"https:\/\/encuentroinformativo.com.mx\/index.php?rest_route=\/wp\/v2\/types\/post"}],"author":[{"embeddable":true,"href":"https:\/\/encuentroinformativo.com.mx\/index.php?rest_route=\/wp\/v2\/users\/2476"}],"replies":[{"embeddable":true,"href":"https:\/\/encuentroinformativo.com.mx\/index.php?rest_route=%2Fwp%2Fv2%2Fcomments&post=51136"}],"version-history":[{"count":1,"href":"https:\/\/encuentroinformativo.com.mx\/index.php?rest_route=\/wp\/v2\/posts\/51136\/revisions"}],"predecessor-version":[{"id":51138,"href":"https:\/\/encuentroinformativo.com.mx\/index.php?rest_route=\/wp\/v2\/posts\/51136\/revisions\/51138"}],"wp:featuredmedia":[{"embeddable":true,"href":"https:\/\/encuentroinformativo.com.mx\/index.php?rest_route=\/wp\/v2\/media\/51137"}],"wp:attachment":[{"href":"https:\/\/encuentroinformativo.com.mx\/index.php?rest_route=%2Fwp%2Fv2%2Fmedia&parent=51136"}],"wp:term":[{"taxonomy":"category","embeddable":true,"href":"https:\/\/encuentroinformativo.com.mx\/index.php?rest_route=%2Fwp%2Fv2%2Fcategories&post=51136"},{"taxonomy":"post_tag","embeddable":true,"href":"https:\/\/encuentroinformativo.com.mx\/index.php?rest_route=%2Fwp%2Fv2%2Ftags&post=51136"}],"curies":[{"name":"wp","href":"https:\/\/api.w.org\/{rel}","templated":true}]}}