{"id":51139,"date":"2024-02-27T17:00:11","date_gmt":"2024-02-27T23:00:11","guid":{"rendered":"https:\/\/encuentroinformativo.com.mx\/?p=51139"},"modified":"2024-02-27T17:00:17","modified_gmt":"2024-02-27T23:00:17","slug":"le-cobran-al-gobernador-adeudo-del-ivd-con-empresaria","status":"publish","type":"post","link":"https:\/\/encuentroinformativo.com.mx\/?p=51139","title":{"rendered":"Le cobran al Gobernador adeudo del IVD con empresaria"},"content":{"rendered":"\n<p><strong>Alejandro \u00c1vila<\/strong><\/p>\n\n\n\n<p>Veracruz, Ver.- Esta ma\u00f1ana en un evento del gobernador, Cuitl\u00e1huac Garc\u00eda Jim\u00e9nez, una joven empresaria veracruzana se acerc\u00f3 para cobrarle un adeudo de m\u00e1s de un mill\u00f3n de pesos que mantiene el Instituto Veracruzano del Deporte (IVD) con ella.<\/p>\n\n\n\n<p>En un evento p\u00fablico del ejecutivo estatal en la CAEV, la joven emprendedora, Guadalupe Moreno, abord\u00f3 al gobernador para que finalmente cumplan con el pago de la ropa deportiva marca &#8220;Campeones&#8221;, que ella manufactur\u00f3 para los atletas veracruzanos.<\/p>\n\n\n\n<p>&#8220;Usted me dijo que me iba a ayudar, que me iba a pagar en julio del a\u00f1o pasado\u2026si no era posible me lo ten\u00eda que haber dicho en su momento&#8221;, le reproch\u00f3 delante de los medios de comunicaci\u00f3n y de otros servidores p\u00fablicos de su administraci\u00f3n.<\/p>\n\n\n\n<p>Visiblemente nervioso y ante la mirada at\u00f3nita de sus colaboradores en el gabinete, el gobernador dijo que no pudo lograr le pagaran, &#8220;Yo pens\u00e9 que s\u00ed lo pod\u00edamos lograr&#8221;.<\/p>\n\n\n\n<p>&#8220;Me deben un mill\u00f3n 243 mil pesos, usted port\u00f3 el uniforme que yo vend\u00ed y que no se me ha pagado. Usted porta mi uniforme para cada evento deportivo, para inauguraciones&#8221;, le dijo Guadalupe Moreno de frente.<\/p>\n\n\n\n<p>Con total descaro, el mandatario estatal le dijo a la joven emprendedora que \u00e9l no hab\u00eda hecho el trato y que hab\u00eda sido su culpa por haber aceptado un contrato de esa magnitud; refutando ella que no es la primera vez que hace uniformes para el Estado de Veracruz.<\/p>\n\n\n\n<p>&#8220;Soy una emprendedora, soy una mujer trabajadora, soy veracruzana, fue por licitaci\u00f3n. Yo particip\u00e9, se hizo el contrato, me hicieron pago de un anticipo, fue el 50 por ciento \u00bfy qui\u00e9n va a esperar que no me paguen si siempre me hab\u00edan pagado?&#8221;, le revir\u00f3 al Ejecutivo.<\/p>\n\n\n\n<p>La joven veracruzana le inform\u00f3 al Gobernador que Carlos Mendoza Samperio, titular del \u00d3rgano Interno de Control del Instituto Veracruzano Del Deporte, tiene su solicitud y le dijo que reconocen el adeudo con ella.<\/p>\n\n\n\n<p>Incluso hicieron una investigaci\u00f3n y se dieron cuenta de que est\u00e1 dada de alta en Hacienda, que est\u00e1 dada de alta como proveedora, que todo est\u00e1 en orden y ni as\u00ed le pagan.<\/p>\n\n\n\n<p>Sin embargo, en la Sefiplan le informaron que se hizo la transferencia para el pago, pero a ella nunca le pagaron.<\/p>\n","protected":false},"excerpt":{"rendered":"<p>Alejandro \u00c1vila Veracruz, Ver.- Esta ma\u00f1ana en un evento del gobernador, Cuitl\u00e1huac Garc\u00eda Jim\u00e9nez, una joven empresaria veracruzana se acerc\u00f3 para cobrarle un adeudo de m\u00e1s de un mill\u00f3n de pesos que mantiene el Instituto Veracruzano del Deporte (IVD) con ella. En un evento p\u00fablico del ejecutivo estatal en la CAEV, la joven emprendedora, Guadalupe [&hellip;]<\/p>\n","protected":false},"author":2476,"featured_media":51140,"comment_status":"open","ping_status":"open","sticky":false,"template":"","format":"standard","meta":{"_jetpack_memberships_contains_paid_content":false,"footnotes":""},"categories":[2],"tags":[],"class_list":["post-51139","post","type-post","status-publish","format-standard","has-post-thumbnail","hentry","category-estado"],"jetpack_featured_media_url":"https:\/\/encuentroinformativo.com.mx\/wp-content\/uploads\/2024\/02\/IMG-20240227-WA0152.jpg","jetpack_sharing_enabled":true,"jetpack_likes_enabled":true,"amp_enabled":true,"_links":{"self":[{"href":"https:\/\/encuentroinformativo.com.mx\/index.php?rest_route=\/wp\/v2\/posts\/51139","targetHints":{"allow":["GET"]}}],"collection":[{"href":"https:\/\/encuentroinformativo.com.mx\/index.php?rest_route=\/wp\/v2\/posts"}],"about":[{"href":"https:\/\/encuentroinformativo.com.mx\/index.php?rest_route=\/wp\/v2\/types\/post"}],"author":[{"embeddable":true,"href":"https:\/\/encuentroinformativo.com.mx\/index.php?rest_route=\/wp\/v2\/users\/2476"}],"replies":[{"embeddable":true,"href":"https:\/\/encuentroinformativo.com.mx\/index.php?rest_route=%2Fwp%2Fv2%2Fcomments&post=51139"}],"version-history":[{"count":1,"href":"https:\/\/encuentroinformativo.com.mx\/index.php?rest_route=\/wp\/v2\/posts\/51139\/revisions"}],"predecessor-version":[{"id":51141,"href":"https:\/\/encuentroinformativo.com.mx\/index.php?rest_route=\/wp\/v2\/posts\/51139\/revisions\/51141"}],"wp:featuredmedia":[{"embeddable":true,"href":"https:\/\/encuentroinformativo.com.mx\/index.php?rest_route=\/wp\/v2\/media\/51140"}],"wp:attachment":[{"href":"https:\/\/encuentroinformativo.com.mx\/index.php?rest_route=%2Fwp%2Fv2%2Fmedia&parent=51139"}],"wp:term":[{"taxonomy":"category","embeddable":true,"href":"https:\/\/encuentroinformativo.com.mx\/index.php?rest_route=%2Fwp%2Fv2%2Fcategories&post=51139"},{"taxonomy":"post_tag","embeddable":true,"href":"https:\/\/encuentroinformativo.com.mx\/index.php?rest_route=%2Fwp%2Fv2%2Ftags&post=51139"}],"curies":[{"name":"wp","href":"https:\/\/api.w.org\/{rel}","templated":true}]}}