{"id":51152,"date":"2024-02-27T18:15:00","date_gmt":"2024-02-28T00:15:00","guid":{"rendered":"https:\/\/encuentroinformativo.com.mx\/?p=51152"},"modified":"2024-02-28T09:19:56","modified_gmt":"2024-02-28T15:19:56","slug":"puro-invento-que-se-llevaran-agua-de-veracruz-a-tamaulipas-segun-cuitlahuac","status":"publish","type":"post","link":"https:\/\/encuentroinformativo.com.mx\/?p=51152","title":{"rendered":"&#8220;Puro invento&#8221; que se llevar\u00e1n agua de Veracruz a Tamaulipas, seg\u00fan Cuitl\u00e1huac"},"content":{"rendered":"\n<p><strong>*Desconoce declaraciones de su homologo de Tamaulipas.<\/strong><\/p>\n\n\n\n<p><strong>Dar\u00edo Pale <\/strong><\/p>\n\n\n\n<p>Xalapa, Ver.- Aclara el gobernador Cuitl\u00e1huac Garc\u00eda Jim\u00e9nez que no se va el agua de Veracruz para Tamaulipas, &#8220;es puro invento de algunos&#8221;, pero acepto que hay un proyecto a largo plazo.<\/p>\n\n\n\n<p>En conferencia de prensa aclar\u00f3 que no se va el agua de Veracruz a Tamaulipas, &#8220;Eso es lo que se est\u00e1n inventando los medios pero hasta que yo se no hay nada&#8221;.<\/p>\n\n\n\n<p>Dio a conocer que al momento no se ha comunicado con el gobernador de Tamaulipas, Americo Villarreal Anaya para hablar de ese tema.<\/p>\n\n\n\n<p>No obstante, admiti\u00f3 que se trata de un proyecto a largo plazo que le tocar\u00e1 a la administraci\u00f3n estatal.<\/p>\n\n\n\n<p>&#8220;Es un proyecto que no va a tener afectaci\u00f3n en nuestro pr\u00f3ximo sexenio&#8221;, dijo.<\/p>\n\n\n\n<p>Precis\u00f3 que el proyecto de llevar agua de Veracruz a Tamaulipas no es sencillo &#8220;se llevar\u00eda a\u00f1os&#8221;.<\/p>\n\n\n\n<p>La Comisi\u00f3n Nacional del Agua (Conagua) convino con el gobierno de Tamaulipas un proyecto de acueducto para llevar el agua de Veracruz a Tamaulipas.<\/p>\n\n\n\n<p>Cabe recordar que lo anterior fue anunciado por el mandatario tamaulipeco Am\u00e9rico Villarreal, durante su primer informe de gobierno.<\/p>\n\n\n\n<p>\u201cAcueducto P\u00e1nuco-Tamaulipas, una mega obra para conducir 20 metros c\u00fabicos por segundo desde el sur del estado a la presa Marte R. G\u00f3mez en el norte, lo que contempla a la presa Vicente Guerrero como vaso regulador para distribuir el recurso a las actividades agropecuarias regionales&#8221;, se\u00f1al\u00f3.<\/p>\n\n\n\n<p>Por \u00faltimo coment\u00f3 que, tambi\u00e9n es para &#8220;la industria y para subsanar el d\u00e9ficit existente en la poblaci\u00f3n de los municipios de la frontera. Puedo informar que esta obra tiene el benepl\u00e1cito para su ejecuci\u00f3n y est\u00e1 incluida en el Mecanismo de Planeaci\u00f3n de la Conagua\u201d.<\/p>\n","protected":false},"excerpt":{"rendered":"<p>*Desconoce declaraciones de su homologo de Tamaulipas. Dar\u00edo Pale Xalapa, Ver.- Aclara el gobernador Cuitl\u00e1huac Garc\u00eda Jim\u00e9nez que no se va el agua de Veracruz para Tamaulipas, &#8220;es puro invento de algunos&#8221;, pero acepto que hay un proyecto a largo plazo. En conferencia de prensa aclar\u00f3 que no se va el agua de Veracruz a [&hellip;]<\/p>\n","protected":false},"author":2476,"featured_media":26017,"comment_status":"open","ping_status":"open","sticky":false,"template":"","format":"standard","meta":{"_jetpack_memberships_contains_paid_content":false,"footnotes":""},"categories":[12],"tags":[],"class_list":["post-51152","post","type-post","status-publish","format-standard","has-post-thumbnail","hentry","category-nacional"],"jetpack_featured_media_url":"https:\/\/encuentroinformativo.com.mx\/wp-content\/uploads\/2022\/04\/EF7E02A3-7E8E-4472-9D52-3708DDCA3F6F.jpeg","jetpack_sharing_enabled":true,"jetpack_likes_enabled":true,"amp_enabled":true,"_links":{"self":[{"href":"https:\/\/encuentroinformativo.com.mx\/index.php?rest_route=\/wp\/v2\/posts\/51152","targetHints":{"allow":["GET"]}}],"collection":[{"href":"https:\/\/encuentroinformativo.com.mx\/index.php?rest_route=\/wp\/v2\/posts"}],"about":[{"href":"https:\/\/encuentroinformativo.com.mx\/index.php?rest_route=\/wp\/v2\/types\/post"}],"author":[{"embeddable":true,"href":"https:\/\/encuentroinformativo.com.mx\/index.php?rest_route=\/wp\/v2\/users\/2476"}],"replies":[{"embeddable":true,"href":"https:\/\/encuentroinformativo.com.mx\/index.php?rest_route=%2Fwp%2Fv2%2Fcomments&post=51152"}],"version-history":[{"count":1,"href":"https:\/\/encuentroinformativo.com.mx\/index.php?rest_route=\/wp\/v2\/posts\/51152\/revisions"}],"predecessor-version":[{"id":51153,"href":"https:\/\/encuentroinformativo.com.mx\/index.php?rest_route=\/wp\/v2\/posts\/51152\/revisions\/51153"}],"wp:featuredmedia":[{"embeddable":true,"href":"https:\/\/encuentroinformativo.com.mx\/index.php?rest_route=\/wp\/v2\/media\/26017"}],"wp:attachment":[{"href":"https:\/\/encuentroinformativo.com.mx\/index.php?rest_route=%2Fwp%2Fv2%2Fmedia&parent=51152"}],"wp:term":[{"taxonomy":"category","embeddable":true,"href":"https:\/\/encuentroinformativo.com.mx\/index.php?rest_route=%2Fwp%2Fv2%2Fcategories&post=51152"},{"taxonomy":"post_tag","embeddable":true,"href":"https:\/\/encuentroinformativo.com.mx\/index.php?rest_route=%2Fwp%2Fv2%2Ftags&post=51152"}],"curies":[{"name":"wp","href":"https:\/\/api.w.org\/{rel}","templated":true}]}}