{"id":51154,"date":"2024-02-28T09:23:56","date_gmt":"2024-02-28T15:23:56","guid":{"rendered":"https:\/\/encuentroinformativo.com.mx\/?p=51154"},"modified":"2024-02-28T09:24:02","modified_gmt":"2024-02-28T15:24:02","slug":"el-rival-a-vencer","status":"publish","type":"post","link":"https:\/\/encuentroinformativo.com.mx\/?p=51154","title":{"rendered":"EL RIVAL A VENCER"},"content":{"rendered":"\n<p><strong>Los Pol\u00edticos<\/strong><\/p>\n\n\n\n<p><strong>Salvador Mu\u00f1oz<\/strong><\/p>\n\n\n\n<p>Sean trajes a la medida o no, las encuestas que indican el avance y crecimiento de Pepe Yunes deben ser tomadas en Morena con la seriedad que conlleva este proceso, bajo el entendido de que en este momento, no hay nada para nadie.<\/p>\n\n\n\n<p>Independientemente de las encuestas, es innegable que Pepe Yunes as\u00ed como Polo Deschamps tienen que crecer porque ambos iniciaron de cero hace apenas un mes o tres meses cuando mucho, mientras que Roc\u00edo Nahle lleva f\u00e1cil tres a\u00f1os y de cierto modo, podemos decir que alcanz\u00f3 su tope\u2026 y hay de dos para ella:<\/p>\n\n\n\n<ol class=\"wp-block-list\"><li>Mantenerse en ese tope hasta el d\u00eda de las elecciones para ganar\u2026<\/li><li>Empezar el descenso que han de aprovechar Pepe y Polo, sea para nivelar la contienda, o dar la voltereta\u2026 mucho para que se d\u00e9 cualquiera de estos dos puntos (el a y el b) ha de depender de la estrategia electoral de los tres: Nahle, Pepe y Polo.<\/li><\/ol>\n\n\n\n<p>Por eso, Morena debe tomar en cuenta dos bases para ahora que inicie la campa\u00f1a por la Gubernatura o quiz\u00e1s ya los est\u00e9 haciendo, sea por una acci\u00f3n natural o porque tomaron en serio a sus contendientes\u2026 o ambas!<\/p>\n\n\n\n<p>Primero, desde lo m\u00e1s alto de la pir\u00e1mide morenista, se debe entender y comprender que el pastel hay que compartirlo con la mayor\u00eda (que no con todos) que sea capaz de generar empat\u00eda y votos para Ch\u00edo por principio y en orden descendente con el resto de los candidatos\u2026<\/p>\n\n\n\n<p>Segundo, bajar de su nube a muchos y muchas que llegaron por la bondad de un partido capaz de poner en la t\u00f3mbola la suerte de un Congreso, sea federal o local\u2026 bueno, que Cuic no sali\u00f3 de una t\u00f3mbola sino de las urnas, y qu\u00e9 chinga le dieron a Veracruz\u2026<\/p>\n\n\n\n<p>Por qu\u00e9 bajarlos de su nube? Ah! Porque hay morenos que ya se la creyeron y se sienten \u201cinfluencers pol\u00edticos\u201d cuando han de pasar a la historia solo como un recuerdo gris en el anecdotario legislativo, en el mayor de los casos. Bendito el moreno que dio un paso a la derecha y agradeci\u00f3 esa oportunidad que la democracia morenista le dio por tres a\u00f1os.<\/p>\n\n\n\n<p>En el caso de la oposici\u00f3n de aliados y naranja, es diferente\u2026<\/p>\n\n\n\n<p>Por el lado de Pepe, la comuni\u00f3n de fuerzas (m\u00e1s del PAN, algo del PRI por la nostalgia de lo que fue, y poquito del PRD) primero que nada, genera una esperanza interna que ahora que inicien las campa\u00f1as, buscar\u00e1n contagiar al ciudadano de ella.<\/p>\n\n\n\n<p>En tanto Polo, hasta el momento, es la expectativa\u2026 Qu\u00e9 va a hacer diferente a lo que haga Nahle y Yunes? Qu\u00e9 va a proponer diferente de lo que propongan los otros dos? Polo es a quien en t\u00e9rminos de marketing pol\u00edtico se le debe exigir m\u00e1s por presumir una bandera joven, no tan solo de edad en comparaci\u00f3n con Pepe y Nahle, sino en ideas\u2026 se ver\u00e1 el tama\u00f1o de sus ganas por la forma en que inicie su campa\u00f1a\u2026 ah\u00ed dir\u00e1 hasta d\u00f3nde quiere llegar\u2026&nbsp;<\/p>\n\n\n\n<p>Ya falta poco\u2026 habr\u00e1 que verlos, a la espera de que ambos tengan en claro que el rival a vencer, aunque suene feo, sigue siendo Nahle, por m\u00e1s burradas que haga el Gobernador que a veces parece Caballito de Troya.&nbsp;<\/p>\n","protected":false},"excerpt":{"rendered":"<p>Los Pol\u00edticos Salvador Mu\u00f1oz Sean trajes a la medida o no, las encuestas que indican el avance y crecimiento de Pepe Yunes deben ser tomadas en Morena con la seriedad que conlleva este proceso, bajo el entendido de que en este momento, no hay nada para nadie. Independientemente de las encuestas, es innegable que Pepe [&hellip;]<\/p>\n","protected":false},"author":2476,"featured_media":387,"comment_status":"open","ping_status":"open","sticky":false,"template":"","format":"standard","meta":{"_jetpack_memberships_contains_paid_content":false,"footnotes":""},"categories":[11],"tags":[],"class_list":["post-51154","post","type-post","status-publish","format-standard","has-post-thumbnail","hentry","category-opinion"],"jetpack_featured_media_url":"https:\/\/encuentroinformativo.com.mx\/wp-content\/uploads\/2020\/03\/7CF8A22B-2764-47BE-8F7F-38FE9E5D6A2F.jpeg","jetpack_sharing_enabled":true,"jetpack_likes_enabled":true,"amp_enabled":true,"_links":{"self":[{"href":"https:\/\/encuentroinformativo.com.mx\/index.php?rest_route=\/wp\/v2\/posts\/51154","targetHints":{"allow":["GET"]}}],"collection":[{"href":"https:\/\/encuentroinformativo.com.mx\/index.php?rest_route=\/wp\/v2\/posts"}],"about":[{"href":"https:\/\/encuentroinformativo.com.mx\/index.php?rest_route=\/wp\/v2\/types\/post"}],"author":[{"embeddable":true,"href":"https:\/\/encuentroinformativo.com.mx\/index.php?rest_route=\/wp\/v2\/users\/2476"}],"replies":[{"embeddable":true,"href":"https:\/\/encuentroinformativo.com.mx\/index.php?rest_route=%2Fwp%2Fv2%2Fcomments&post=51154"}],"version-history":[{"count":1,"href":"https:\/\/encuentroinformativo.com.mx\/index.php?rest_route=\/wp\/v2\/posts\/51154\/revisions"}],"predecessor-version":[{"id":51155,"href":"https:\/\/encuentroinformativo.com.mx\/index.php?rest_route=\/wp\/v2\/posts\/51154\/revisions\/51155"}],"wp:featuredmedia":[{"embeddable":true,"href":"https:\/\/encuentroinformativo.com.mx\/index.php?rest_route=\/wp\/v2\/media\/387"}],"wp:attachment":[{"href":"https:\/\/encuentroinformativo.com.mx\/index.php?rest_route=%2Fwp%2Fv2%2Fmedia&parent=51154"}],"wp:term":[{"taxonomy":"category","embeddable":true,"href":"https:\/\/encuentroinformativo.com.mx\/index.php?rest_route=%2Fwp%2Fv2%2Fcategories&post=51154"},{"taxonomy":"post_tag","embeddable":true,"href":"https:\/\/encuentroinformativo.com.mx\/index.php?rest_route=%2Fwp%2Fv2%2Ftags&post=51154"}],"curies":[{"name":"wp","href":"https:\/\/api.w.org\/{rel}","templated":true}]}}