{"id":51159,"date":"2024-02-28T10:52:44","date_gmt":"2024-02-28T16:52:44","guid":{"rendered":"https:\/\/encuentroinformativo.com.mx\/?p=51159"},"modified":"2024-02-28T10:52:49","modified_gmt":"2024-02-28T16:52:49","slug":"padres-reclaman-limpieza-y-mantenimiento-en-primaria-realizan-protesta","status":"publish","type":"post","link":"https:\/\/encuentroinformativo.com.mx\/?p=51159","title":{"rendered":"Padres reclaman limpieza y mantenimiento en primaria, realizan protesta"},"content":{"rendered":"\n<p><strong>Juan Arcos <\/strong><\/p>\n\n\n\n<p>Xalapa, Ver.- Un grupo de madres y padres de familia protest\u00f3 y tom\u00f3 la escuela primaria \u201cAm\u00e9rica\u201d debido a la falta de limpieza y mantenimiento en el plantel, ubicado en esta ciudad de Xalapa.<\/p>\n\n\n\n<p>Los manifestantes bloquearon la calle Josefa Ortiz de Dom\u00ednguez, en la colonia Independencia, para que sea atendida la problem\u00e1tica lo antes posible.<\/p>\n\n\n\n<p>Los inconformes indicaron que esto se debe a la ausencia de un conserje desde noviembre pasado, a pesar de que los padres han pagado por el servicio de limpieza.<\/p>\n\n\n\n<p>La madre de familia, Sharon Rosa S\u00e1nchez Galdi\u00e1n, indic\u00f3 que la directora de la escuela ni el supervisor escolar han dado soluciones a este problema.<\/p>\n\n\n\n<p>&#8220;Tenemos un problema con intendencia, el compa\u00f1ero se accident\u00f3 desde el mes de noviembre. Nosotros como pap\u00e1s venimos pagando la limpieza. Le preguntamos a la directora y al supervisor qu\u00e9 se pod\u00eda hacer en estos casos y nos comentaba que no hab\u00eda que as\u00ed nos fu\u00e9ramos a parar donde nos fu\u00e9ramos a parar no nos iban a mandar el apoyo ni el recurso\u201d.<\/p>\n\n\n\n<p>La situaci\u00f3n ha llevado a la suspensi\u00f3n de clases y los padres exigen una respuesta puntual por parte de la Secretar\u00eda de Educaci\u00f3n de Veracruz (SEV).<\/p>\n\n\n\n<p>Se trata de aproximadamente 270 alumnos en la escuela que est\u00e1n siendo afectados por la falta de espacios educativos dignos.<\/p>\n\n\n\n<p>Por tal motivo, las madres y padres de familia est\u00e1n dispuestos a tomar las medidas necesarias hasta obtener una respuesta favorable.<\/p>\n\n\n\n<p>\u201cVenimos pidiendo una junta con el supervisor desde noviembre, desde que el conserje nos dijo: estoy mal, no regreso en un buen rato. Y de solicitaron mediante oficios a la secretar\u00eda\u201d, enfatizaron.<\/p>\n","protected":false},"excerpt":{"rendered":"<p>Juan Arcos Xalapa, Ver.- Un grupo de madres y padres de familia protest\u00f3 y tom\u00f3 la escuela primaria \u201cAm\u00e9rica\u201d debido a la falta de limpieza y mantenimiento en el plantel, ubicado en esta ciudad de Xalapa. Los manifestantes bloquearon la calle Josefa Ortiz de Dom\u00ednguez, en la colonia Independencia, para que sea atendida la problem\u00e1tica [&hellip;]<\/p>\n","protected":false},"author":2476,"featured_media":51160,"comment_status":"open","ping_status":"open","sticky":false,"template":"","format":"standard","meta":{"_jetpack_memberships_contains_paid_content":false,"footnotes":""},"categories":[3],"tags":[],"class_list":["post-51159","post","type-post","status-publish","format-standard","has-post-thumbnail","hentry","category-xalapa"],"jetpack_featured_media_url":"https:\/\/encuentroinformativo.com.mx\/wp-content\/uploads\/2024\/02\/20bbf664-763d-44a4-9800-71fe9d5e3226.jpg","jetpack_sharing_enabled":true,"jetpack_likes_enabled":true,"amp_enabled":true,"_links":{"self":[{"href":"https:\/\/encuentroinformativo.com.mx\/index.php?rest_route=\/wp\/v2\/posts\/51159","targetHints":{"allow":["GET"]}}],"collection":[{"href":"https:\/\/encuentroinformativo.com.mx\/index.php?rest_route=\/wp\/v2\/posts"}],"about":[{"href":"https:\/\/encuentroinformativo.com.mx\/index.php?rest_route=\/wp\/v2\/types\/post"}],"author":[{"embeddable":true,"href":"https:\/\/encuentroinformativo.com.mx\/index.php?rest_route=\/wp\/v2\/users\/2476"}],"replies":[{"embeddable":true,"href":"https:\/\/encuentroinformativo.com.mx\/index.php?rest_route=%2Fwp%2Fv2%2Fcomments&post=51159"}],"version-history":[{"count":1,"href":"https:\/\/encuentroinformativo.com.mx\/index.php?rest_route=\/wp\/v2\/posts\/51159\/revisions"}],"predecessor-version":[{"id":51161,"href":"https:\/\/encuentroinformativo.com.mx\/index.php?rest_route=\/wp\/v2\/posts\/51159\/revisions\/51161"}],"wp:featuredmedia":[{"embeddable":true,"href":"https:\/\/encuentroinformativo.com.mx\/index.php?rest_route=\/wp\/v2\/media\/51160"}],"wp:attachment":[{"href":"https:\/\/encuentroinformativo.com.mx\/index.php?rest_route=%2Fwp%2Fv2%2Fmedia&parent=51159"}],"wp:term":[{"taxonomy":"category","embeddable":true,"href":"https:\/\/encuentroinformativo.com.mx\/index.php?rest_route=%2Fwp%2Fv2%2Fcategories&post=51159"},{"taxonomy":"post_tag","embeddable":true,"href":"https:\/\/encuentroinformativo.com.mx\/index.php?rest_route=%2Fwp%2Fv2%2Ftags&post=51159"}],"curies":[{"name":"wp","href":"https:\/\/api.w.org\/{rel}","templated":true}]}}