{"id":51168,"date":"2024-02-28T12:32:32","date_gmt":"2024-02-28T18:32:32","guid":{"rendered":"https:\/\/encuentroinformativo.com.mx\/?p=51168"},"modified":"2024-02-28T12:32:37","modified_gmt":"2024-02-28T18:32:37","slug":"seguro-cubrira-danos-en-primaria-armada-de-mexico-de-veracruz-puerto","status":"publish","type":"post","link":"https:\/\/encuentroinformativo.com.mx\/?p=51168","title":{"rendered":"Seguro cubrir\u00e1 da\u00f1os en primaria &#8220;Armada de M\u00e9xico&#8221; de Veracruz puerto"},"content":{"rendered":"\n<p><strong>Alejandro \u00c1vila<\/strong><\/p>\n\n\n\n<p>Veracruz, Ver.- Las afectaciones reportadas en la primaria &#8220;Armada de M\u00e9xico&#8221; del municipio de Veracruz tendr\u00e1n que ser cubiertas por la propia constructora que realiz\u00f3 la obra del plantel educativo, inform\u00f3 el director de Espacios Educativos, Ricardo Garc\u00eda Jim\u00e9nez.<\/p>\n\n\n\n<p>Es de mencionar que este plantel educativo que antes era una escuela de &#8220;palitos&#8221; y ubicada en el fraccionamiento Dorado Real del municipio de Veracruz, fue reportada por el personal administrativo con da\u00f1os en su infraestructura, por lo cual al no superar el a\u00f1o y medio de su construcci\u00f3n, el seguro de la inmobiliaria deber\u00e1 hacerse cargo de los gastos y reparaci\u00f3n de la misma.<\/p>\n\n\n\n<p>\u201cHemos encontrado un desprendimiento de lo que se denomina revoco, el cual es un recubrimiento en la parte superior de la fachada, por lo que en estos d\u00edas se mitigar\u00e1 esa situaci\u00f3n\u201d apunt\u00f3 Garc\u00eda Jim\u00e9nez.&nbsp;<\/p>\n\n\n\n<p>\u201cComo padres de familia y como autoridades coincidimos en que lo primero es la seguridad de nuestras ni\u00f1as y ni\u00f1os, por lo que a pesar de ser un trabajo menor, este ser\u00e1 atendido de manera integral para evitar cualquier tipo de riesgo para la comunidad escolar\u201d, afirm\u00f3 el titular de Espacios Educativos de la SEV.&nbsp;<\/p>\n\n\n\n<p>Por su parte, la maestra Diana Santiago Huesca se\u00f1al\u00f3 que a trav\u00e9s de la Delegaci\u00f3n Regional de la SEV Veracruz, se ha trabajado de manera cercana para atender las necesidades m\u00e1s sentidas de las escuelas.&nbsp;<\/p>\n\n\n\n<p>\u201cEs importante destacar que nuestra prioridad es consolidar el desarrollo educativo y nos llena de orgullo la transformaci\u00f3n que ha vivido nuestra escuelita Armada de M\u00e9xico, antes de palitos y olvidada por todos y hoy una escuela digna para nuestras ni\u00f1as y ni\u00f1os\u201d, mencion\u00f3 Diana Santiago Huesca.&nbsp;<\/p>\n\n\n\n<p>Se estima que los trabajos inicien esta misma semana, para que a la brevedad ser\u00e1 rehabilitada la zona afectada, misma que se deriva de las condiciones climatol\u00f3gicas intensas de la regi\u00f3n.&nbsp;<\/p>\n","protected":false},"excerpt":{"rendered":"<p>Alejandro \u00c1vila Veracruz, Ver.- Las afectaciones reportadas en la primaria &#8220;Armada de M\u00e9xico&#8221; del municipio de Veracruz tendr\u00e1n que ser cubiertas por la propia constructora que realiz\u00f3 la obra del plantel educativo, inform\u00f3 el director de Espacios Educativos, Ricardo Garc\u00eda Jim\u00e9nez. Es de mencionar que este plantel educativo que antes era una escuela de &#8220;palitos&#8221; [&hellip;]<\/p>\n","protected":false},"author":2476,"featured_media":51169,"comment_status":"open","ping_status":"open","sticky":false,"template":"","format":"standard","meta":{"_jetpack_memberships_contains_paid_content":false,"footnotes":""},"categories":[2],"tags":[],"class_list":["post-51168","post","type-post","status-publish","format-standard","has-post-thumbnail","hentry","category-estado"],"jetpack_featured_media_url":"https:\/\/encuentroinformativo.com.mx\/wp-content\/uploads\/2024\/02\/IMG-20240228-WA0092.jpg","jetpack_sharing_enabled":true,"jetpack_likes_enabled":true,"amp_enabled":true,"_links":{"self":[{"href":"https:\/\/encuentroinformativo.com.mx\/index.php?rest_route=\/wp\/v2\/posts\/51168","targetHints":{"allow":["GET"]}}],"collection":[{"href":"https:\/\/encuentroinformativo.com.mx\/index.php?rest_route=\/wp\/v2\/posts"}],"about":[{"href":"https:\/\/encuentroinformativo.com.mx\/index.php?rest_route=\/wp\/v2\/types\/post"}],"author":[{"embeddable":true,"href":"https:\/\/encuentroinformativo.com.mx\/index.php?rest_route=\/wp\/v2\/users\/2476"}],"replies":[{"embeddable":true,"href":"https:\/\/encuentroinformativo.com.mx\/index.php?rest_route=%2Fwp%2Fv2%2Fcomments&post=51168"}],"version-history":[{"count":1,"href":"https:\/\/encuentroinformativo.com.mx\/index.php?rest_route=\/wp\/v2\/posts\/51168\/revisions"}],"predecessor-version":[{"id":51170,"href":"https:\/\/encuentroinformativo.com.mx\/index.php?rest_route=\/wp\/v2\/posts\/51168\/revisions\/51170"}],"wp:featuredmedia":[{"embeddable":true,"href":"https:\/\/encuentroinformativo.com.mx\/index.php?rest_route=\/wp\/v2\/media\/51169"}],"wp:attachment":[{"href":"https:\/\/encuentroinformativo.com.mx\/index.php?rest_route=%2Fwp%2Fv2%2Fmedia&parent=51168"}],"wp:term":[{"taxonomy":"category","embeddable":true,"href":"https:\/\/encuentroinformativo.com.mx\/index.php?rest_route=%2Fwp%2Fv2%2Fcategories&post=51168"},{"taxonomy":"post_tag","embeddable":true,"href":"https:\/\/encuentroinformativo.com.mx\/index.php?rest_route=%2Fwp%2Fv2%2Ftags&post=51168"}],"curies":[{"name":"wp","href":"https:\/\/api.w.org\/{rel}","templated":true}]}}