{"id":51174,"date":"2024-02-28T12:51:02","date_gmt":"2024-02-28T18:51:02","guid":{"rendered":"https:\/\/encuentroinformativo.com.mx\/?p=51174"},"modified":"2024-02-28T12:51:14","modified_gmt":"2024-02-28T18:51:14","slug":"hay-que-resolver-los-problemas-de-sed-de-los-veracruzanos-pepe-yunes","status":"publish","type":"post","link":"https:\/\/encuentroinformativo.com.mx\/?p=51174","title":{"rendered":"Hay que resolver los problemas de sed de los veracruzanos: Pepe Yunes"},"content":{"rendered":"\n<p><strong>Alejandro \u00c1vila<\/strong><\/p>\n\n\n\n<p>Veracruz, Ver.- \u201cPrimero hay que resolver los problemas de sed de los veracruzanos\u201d, se\u00f1ala Pepe Yunes, tras la confirmaci\u00f3n del Gobierno de Tamaulipas de llevarse el agua del r\u00edo P\u00e1nuco a aquella entidad.<\/p>\n\n\n\n<p>En un video publicado en sus redes sociales, demand\u00f3 al Gobierno de Veracruz que no se quede callado ante el tema y que se inicie una defensa de los intereses y causas de las familias.<\/p>\n\n\n\n<p>\u201cHoy los medios de comunicaci\u00f3n dan cuenta del proyecto por el cual se pretende llevar el agua de los veracruzanos, del r\u00edo P\u00e1nuco, al estado de Tamaulipas en un primero paso y, posteriormente, al estado de Nuevo Le\u00f3n (\u2026) tiene que explicar el Gobierno del Estado, de frente a Veracruz, por qu\u00e9 hay tal obediencia, por qu\u00e9 no hay una voz que de manera firme defienda a Veracruz frente al resto del pa\u00eds\u201d, dijo.<\/p>\n\n\n\n<p>Ante el anuncio hecho en el marco del Segundo Informe del gobierno de la entidad vecina del norte, Pepe Yunes agrega que \u201cprimero hay que generar las condiciones de infraestructura hidr\u00e1ulica en beneficio de los veracruzanos en lugar de estar regresando como subejercicio los recursos de la Federaci\u00f3n\u201d.<\/p>\n\n\n\n<p>Y dej\u00f3 en claro \u201csabemos que el agua es propiedad de la Naci\u00f3n; sabemos que su disfrute es un derecho fundamental que a nadie se le puede privar. Pero lo que no sabemos es por qu\u00e9 el Gobierno del Estado no sale a defender lo que les corresponde a los veracruzanos\u201d.<\/p>\n\n\n\n<p>Cabe recordar que la obra proyectada para Tamaulipas conducir\u00e1 20 metros c\u00fabicos por segundo desde el sur del estado a la presa Marte R. G\u00f3mez en el norte, lo que contempla a la presa Vicente Guerrero como vaso regulador para distribuir el recurso a las actividades agropecuarias, la industria y para atender a la poblaci\u00f3n de los municipios de la frontera.&nbsp;<\/p>\n\n\n\n<p>Adem\u00e1s, de acuerdo con lo informado por el Gobierno de Tamaulipas, el mencionado proyecto tiene ya el benepl\u00e1cito para su ejecuci\u00f3n, y est\u00e1 incluida en el Mecanismo de Planeaci\u00f3n de la CONAGUA (Mecaplan).<\/p>\n","protected":false},"excerpt":{"rendered":"<p>Alejandro \u00c1vila Veracruz, Ver.- \u201cPrimero hay que resolver los problemas de sed de los veracruzanos\u201d, se\u00f1ala Pepe Yunes, tras la confirmaci\u00f3n del Gobierno de Tamaulipas de llevarse el agua del r\u00edo P\u00e1nuco a aquella entidad. En un video publicado en sus redes sociales, demand\u00f3 al Gobierno de Veracruz que no se quede callado ante el [&hellip;]<\/p>\n","protected":false},"author":2476,"featured_media":51175,"comment_status":"open","ping_status":"open","sticky":false,"template":"","format":"standard","meta":{"_jetpack_memberships_contains_paid_content":false,"footnotes":""},"categories":[2],"tags":[],"class_list":["post-51174","post","type-post","status-publish","format-standard","has-post-thumbnail","hentry","category-estado"],"jetpack_featured_media_url":"https:\/\/encuentroinformativo.com.mx\/wp-content\/uploads\/2024\/02\/IMG-20240227-WA0130.jpg","jetpack_sharing_enabled":true,"jetpack_likes_enabled":true,"amp_enabled":true,"_links":{"self":[{"href":"https:\/\/encuentroinformativo.com.mx\/index.php?rest_route=\/wp\/v2\/posts\/51174","targetHints":{"allow":["GET"]}}],"collection":[{"href":"https:\/\/encuentroinformativo.com.mx\/index.php?rest_route=\/wp\/v2\/posts"}],"about":[{"href":"https:\/\/encuentroinformativo.com.mx\/index.php?rest_route=\/wp\/v2\/types\/post"}],"author":[{"embeddable":true,"href":"https:\/\/encuentroinformativo.com.mx\/index.php?rest_route=\/wp\/v2\/users\/2476"}],"replies":[{"embeddable":true,"href":"https:\/\/encuentroinformativo.com.mx\/index.php?rest_route=%2Fwp%2Fv2%2Fcomments&post=51174"}],"version-history":[{"count":1,"href":"https:\/\/encuentroinformativo.com.mx\/index.php?rest_route=\/wp\/v2\/posts\/51174\/revisions"}],"predecessor-version":[{"id":51176,"href":"https:\/\/encuentroinformativo.com.mx\/index.php?rest_route=\/wp\/v2\/posts\/51174\/revisions\/51176"}],"wp:featuredmedia":[{"embeddable":true,"href":"https:\/\/encuentroinformativo.com.mx\/index.php?rest_route=\/wp\/v2\/media\/51175"}],"wp:attachment":[{"href":"https:\/\/encuentroinformativo.com.mx\/index.php?rest_route=%2Fwp%2Fv2%2Fmedia&parent=51174"}],"wp:term":[{"taxonomy":"category","embeddable":true,"href":"https:\/\/encuentroinformativo.com.mx\/index.php?rest_route=%2Fwp%2Fv2%2Fcategories&post=51174"},{"taxonomy":"post_tag","embeddable":true,"href":"https:\/\/encuentroinformativo.com.mx\/index.php?rest_route=%2Fwp%2Fv2%2Ftags&post=51174"}],"curies":[{"name":"wp","href":"https:\/\/api.w.org\/{rel}","templated":true}]}}