{"id":51177,"date":"2024-02-28T14:00:20","date_gmt":"2024-02-28T20:00:20","guid":{"rendered":"https:\/\/encuentroinformativo.com.mx\/?p=51177"},"modified":"2024-02-28T14:00:29","modified_gmt":"2024-02-28T20:00:29","slug":"defendere-agua-de-los-veracruzanos-promete-manuel-huerta","status":"publish","type":"post","link":"https:\/\/encuentroinformativo.com.mx\/?p=51177","title":{"rendered":"Defender\u00e9 agua de los veracruzanos, promete Manuel Huerta"},"content":{"rendered":"\n<p><strong>Dar\u00edo Pale <\/strong><\/p>\n\n\n\n<p>Xalapa, Ver.- El candidato al Senado de la Rep\u00fablica de Morena, en primera f\u00f3rmula, Manuel Huerta Ladr\u00f3n de Guevara, asegur\u00f3 que de ganar la elecci\u00f3n, defender\u00e1 el agua de los veracruzanos, esto tras el anuncio del gobernador de Tamaulipas, Am\u00e9rico Villareal, de llevarse agua de Veracruz a su estado.<\/p>\n\n\n\n<p>En conferencia de prensa se\u00f1al\u00f3 que, &#8220;sin duda la lucha sigue. Yo he planteado que la concesi\u00f3n privatizadora que el PRI y el PAN le dieron al SAS y lo que ocurri\u00f3 en Boca del R\u00edo, tiene que ser revisado. La esencia es que el agua sea un derecho humano y no una mercanc\u00eda&#8221;.<\/p>\n\n\n\n<p>Dio a conocer que existe una propuesta de Ley General de Aguas, &#8220;es una Ley que la tiene el Senado en el debate, el Movimiento la ha presentado, la han detenido los que son los representantes de los grupos conservadores&#8221;.<\/p>\n\n\n\n<p>Expuso que dicha propuesta de reforma constitucional busca que el agua sea un derecho humano y no una mercanc\u00eda.<\/p>\n\n\n\n<p>Record\u00f3 que desde hace a\u00f1os se propuso el proyecto Monterrey IV, que buscaba llevarse el agua del r\u00edo P\u00e1nuco, sin embargo, no se aprob\u00f3.<\/p>\n\n\n\n<p>En relaci\u00f3n a la violencia contra algunos aspirantes y en general por masacres como la ocurrida en Acultzingo, el exdelegado de los programas federales, respondi\u00f3 que hay un injerencismo norteamericano.<\/p>\n\n\n\n<p>&#8220;En estos intentos de la derecha en Estados Unidos y M\u00e9xico, de querer incidir en la tendencia electoral y que se refleja en los ataques sistem\u00e1ticos a Andr\u00e9s Manuel L\u00f3pez Obrador y ahora a Claudia Sheimbaum&#8221;, reproch\u00f3.<\/p>\n\n\n\n<p>Finalmente inform\u00f3 que arrancar\u00e1 su campa\u00f1a en el municipio de Catemaco, el 1 de marzo a las 00:00 horas, recorriendo las calles con aquellos simpatizantes al Movimiento.<\/p>\n","protected":false},"excerpt":{"rendered":"<p>Dar\u00edo Pale Xalapa, Ver.- El candidato al Senado de la Rep\u00fablica de Morena, en primera f\u00f3rmula, Manuel Huerta Ladr\u00f3n de Guevara, asegur\u00f3 que de ganar la elecci\u00f3n, defender\u00e1 el agua de los veracruzanos, esto tras el anuncio del gobernador de Tamaulipas, Am\u00e9rico Villareal, de llevarse agua de Veracruz a su estado. En conferencia de prensa [&hellip;]<\/p>\n","protected":false},"author":2476,"featured_media":51178,"comment_status":"open","ping_status":"open","sticky":false,"template":"","format":"standard","meta":{"_jetpack_memberships_contains_paid_content":false,"footnotes":""},"categories":[2],"tags":[],"class_list":["post-51177","post","type-post","status-publish","format-standard","has-post-thumbnail","hentry","category-estado"],"jetpack_featured_media_url":"https:\/\/encuentroinformativo.com.mx\/wp-content\/uploads\/2024\/02\/IMG-20240228-WA0122.jpg","jetpack_sharing_enabled":true,"jetpack_likes_enabled":true,"amp_enabled":true,"_links":{"self":[{"href":"https:\/\/encuentroinformativo.com.mx\/index.php?rest_route=\/wp\/v2\/posts\/51177","targetHints":{"allow":["GET"]}}],"collection":[{"href":"https:\/\/encuentroinformativo.com.mx\/index.php?rest_route=\/wp\/v2\/posts"}],"about":[{"href":"https:\/\/encuentroinformativo.com.mx\/index.php?rest_route=\/wp\/v2\/types\/post"}],"author":[{"embeddable":true,"href":"https:\/\/encuentroinformativo.com.mx\/index.php?rest_route=\/wp\/v2\/users\/2476"}],"replies":[{"embeddable":true,"href":"https:\/\/encuentroinformativo.com.mx\/index.php?rest_route=%2Fwp%2Fv2%2Fcomments&post=51177"}],"version-history":[{"count":1,"href":"https:\/\/encuentroinformativo.com.mx\/index.php?rest_route=\/wp\/v2\/posts\/51177\/revisions"}],"predecessor-version":[{"id":51179,"href":"https:\/\/encuentroinformativo.com.mx\/index.php?rest_route=\/wp\/v2\/posts\/51177\/revisions\/51179"}],"wp:featuredmedia":[{"embeddable":true,"href":"https:\/\/encuentroinformativo.com.mx\/index.php?rest_route=\/wp\/v2\/media\/51178"}],"wp:attachment":[{"href":"https:\/\/encuentroinformativo.com.mx\/index.php?rest_route=%2Fwp%2Fv2%2Fmedia&parent=51177"}],"wp:term":[{"taxonomy":"category","embeddable":true,"href":"https:\/\/encuentroinformativo.com.mx\/index.php?rest_route=%2Fwp%2Fv2%2Fcategories&post=51177"},{"taxonomy":"post_tag","embeddable":true,"href":"https:\/\/encuentroinformativo.com.mx\/index.php?rest_route=%2Fwp%2Fv2%2Ftags&post=51177"}],"curies":[{"name":"wp","href":"https:\/\/api.w.org\/{rel}","templated":true}]}}