{"id":51180,"date":"2024-02-28T14:06:10","date_gmt":"2024-02-28T20:06:10","guid":{"rendered":"https:\/\/encuentroinformativo.com.mx\/?p=51180"},"modified":"2024-02-28T14:06:15","modified_gmt":"2024-02-28T20:06:15","slug":"liberan-a-presunto-implicado-en-homicidio-de-maria-elena-ferral","status":"publish","type":"post","link":"https:\/\/encuentroinformativo.com.mx\/?p=51180","title":{"rendered":"Liberan a presunto implicado en homicidio de Mar\u00eda Elena Ferral"},"content":{"rendered":"\n<p><strong>Juan Arcos <\/strong><\/p>\n\n\n\n<p>Xalapa, Ver.- Mar\u00eda Fernanda de Luna Ferral, hija de la periodista asesinada Mar\u00eda Elena Ferral Hern\u00e1ndez, denunci\u00f3 la liberaci\u00f3n de uno de los presuntos implicados en el crimen de su madre, debido a que un juez federal le otorg\u00f3 un amparo.<\/p>\n\n\n\n<p>La comunicadora fue asesinada a balazos el 30 de marzo de 2020 en el municipio de Papantla, ubicado en la zona norte del estado de Veracruz.<\/p>\n\n\n\n<p>Mar\u00eda Fernanda exigi\u00f3 justicia para su madre y se\u00f1al\u00f3 que varios de los detenidos han sido sentenciados a 30 a\u00f1os de prisi\u00f3n, pero Basilio \u201cN\u201d y Jaime \u201cN\u201d contin\u00faan pr\u00f3fugos.<\/p>\n\n\n\n<p>Indic\u00f3 que este mi\u00e9rcoles 28 de febrero se cit\u00f3 a audiencia para resolver el amparo promovido por la defensa de uno de los detenidos, Antonio Zaleta Jim\u00e9nez, donde el juez federal resolvi\u00f3 dictar su libertad, por lo que saldr\u00eda del penal de Papantla.<\/p>\n\n\n\n<p>&#8220;\u00c9l era un presunto halc\u00f3n que estaba ah\u00ed dando vigilancia a los que realizaron este terrible acto (asesinato de Mar\u00eda Elena Ferral)\u201d, expres\u00f3 Mar\u00eda Fernanda.<\/p>\n\n\n\n<p>Tambi\u00e9n mencion\u00f3 que existen las \u00f3rdenes de aprehensi\u00f3n contra los otros presuntos implicados pero a\u00fan no han sido detenidos por los polic\u00edas ministeriales.<\/p>\n\n\n\n<p>&#8220;Exijo justicia. A m\u00ed se me prometi\u00f3, a m\u00ed y a mi familia se nos prometi\u00f3 justicia. Se nos prometi\u00f3 que el caso de Mar\u00eda Elena Ferral no iba a quedar impune y tal parece que a casi cuatro a\u00f1os va a quedar en la total impunidad como otros casos de otros compa\u00f1eros\u201d.<\/p>\n\n\n\n<p>Record\u00f3 que eran nueve detenidos, ahora quedan ocho y cuatro de ellos tienen una sentencia de 30 a\u00f1os por homicidio doloso calificado.<\/p>\n\n\n\n<p>Sin embargo, dijo temer que el caso se \u201ccaiga\u201d y que los dem\u00e1s implicados sean tambi\u00e9n liberados mediante amparos promovidos ante instancias judiciales federales.<\/p>\n\n\n\n<p>&#8220;Efectivamente, todos tienen el riesgo de salir, pues ahora s\u00ed, en cuanto los amparos se resuelvan\u201d, remat\u00f3.<\/p>\n","protected":false},"excerpt":{"rendered":"<p>Juan Arcos Xalapa, Ver.- Mar\u00eda Fernanda de Luna Ferral, hija de la periodista asesinada Mar\u00eda Elena Ferral Hern\u00e1ndez, denunci\u00f3 la liberaci\u00f3n de uno de los presuntos implicados en el crimen de su madre, debido a que un juez federal le otorg\u00f3 un amparo. La comunicadora fue asesinada a balazos el 30 de marzo de 2020 [&hellip;]<\/p>\n","protected":false},"author":2476,"featured_media":51181,"comment_status":"open","ping_status":"open","sticky":false,"template":"","format":"standard","meta":{"_jetpack_memberships_contains_paid_content":false,"footnotes":""},"categories":[2],"tags":[],"class_list":["post-51180","post","type-post","status-publish","format-standard","has-post-thumbnail","hentry","category-estado"],"jetpack_featured_media_url":"https:\/\/encuentroinformativo.com.mx\/wp-content\/uploads\/2024\/02\/IMG_9391.jpg","jetpack_sharing_enabled":true,"jetpack_likes_enabled":true,"amp_enabled":true,"_links":{"self":[{"href":"https:\/\/encuentroinformativo.com.mx\/index.php?rest_route=\/wp\/v2\/posts\/51180","targetHints":{"allow":["GET"]}}],"collection":[{"href":"https:\/\/encuentroinformativo.com.mx\/index.php?rest_route=\/wp\/v2\/posts"}],"about":[{"href":"https:\/\/encuentroinformativo.com.mx\/index.php?rest_route=\/wp\/v2\/types\/post"}],"author":[{"embeddable":true,"href":"https:\/\/encuentroinformativo.com.mx\/index.php?rest_route=\/wp\/v2\/users\/2476"}],"replies":[{"embeddable":true,"href":"https:\/\/encuentroinformativo.com.mx\/index.php?rest_route=%2Fwp%2Fv2%2Fcomments&post=51180"}],"version-history":[{"count":1,"href":"https:\/\/encuentroinformativo.com.mx\/index.php?rest_route=\/wp\/v2\/posts\/51180\/revisions"}],"predecessor-version":[{"id":51182,"href":"https:\/\/encuentroinformativo.com.mx\/index.php?rest_route=\/wp\/v2\/posts\/51180\/revisions\/51182"}],"wp:featuredmedia":[{"embeddable":true,"href":"https:\/\/encuentroinformativo.com.mx\/index.php?rest_route=\/wp\/v2\/media\/51181"}],"wp:attachment":[{"href":"https:\/\/encuentroinformativo.com.mx\/index.php?rest_route=%2Fwp%2Fv2%2Fmedia&parent=51180"}],"wp:term":[{"taxonomy":"category","embeddable":true,"href":"https:\/\/encuentroinformativo.com.mx\/index.php?rest_route=%2Fwp%2Fv2%2Fcategories&post=51180"},{"taxonomy":"post_tag","embeddable":true,"href":"https:\/\/encuentroinformativo.com.mx\/index.php?rest_route=%2Fwp%2Fv2%2Ftags&post=51180"}],"curies":[{"name":"wp","href":"https:\/\/api.w.org\/{rel}","templated":true}]}}