{"id":51183,"date":"2024-02-28T14:11:27","date_gmt":"2024-02-28T20:11:27","guid":{"rendered":"https:\/\/encuentroinformativo.com.mx\/?p=51183"},"modified":"2024-02-28T14:11:32","modified_gmt":"2024-02-28T20:11:32","slug":"alcalde-juan-manuel-unanue-sigue-apoyando-a-quienes-mas-lo-necesitan","status":"publish","type":"post","link":"https:\/\/encuentroinformativo.com.mx\/?p=51183","title":{"rendered":"Alcalde Juan Manuel Un\u00e1nue sigue apoyando a quienes m\u00e1s lo necesitan"},"content":{"rendered":"\n<p><strong>*<em>Junto a Melina Rivera de Un\u00e1nue; presidenta del DIF Municipal, realizaron la entrega de aparatos funcionales a boque\u00f1os de todas las edades<\/em>.<\/strong><\/p>\n\n\n\n<p><strong>*<em>Con estos apoyos son ya m\u00e1s de mil aparatos funcionales los que se han entregado en esta administraci\u00f3n municipal<\/em>.<\/strong><\/p>\n\n\n\n<p>Boca del R\u00edo, Ver.- El alcalde Juan Manuel Un\u00e1nue Abascal y la presidenta del DIF Municipal, Melina Rivera de Un\u00e1nue, entregaron este mi\u00e9rcoles 50 aparatos funcionales a ciudadanos boque\u00f1os de todas las edades.<\/p>\n\n\n\n<p>Las instalaciones del DIF municipal fueron el escenario de esta significativa entrega. Entre los beneficiados se encontraban personas que necesitaban sillas de ruedas, andaderas, bastones y muletas. Estos aparatos no solo representan herramientas f\u00edsicas, sino tambi\u00e9n s\u00edmbolos de apoyo e independencia.<\/p>\n\n\n\n<p>El alcalde, Juan Manuel de Un\u00e1nue expres\u00f3 su compromiso con la comunidad boque\u00f1a, destacando que estos aparatos son una inversi\u00f3n en la calidad de vida de los ciudadanos, pues no solo se les brinda movilidad, sino tambi\u00e9n la posibilidad de participar activamente en la sociedad.<\/p>\n\n\n\n<p>\u201cPara nosotros estos son eventos muy significativos, muy especiales porque llevamos haci\u00e9ndolos muchos a\u00f1os (..) Sabemos lo significativo e importante que es este apoyo para todas y todos ustedes. Veo a personas que vamos a cambiar su silla de ruedas, veo al se\u00f1or que va a cambiar sus muletas por silla de ruedas y lo veo muy contento\u201d, expres\u00f3 el edil.<\/p>\n\n\n\n<p>Por su parte, Melina Rivera de Un\u00e1nue destac\u00f3 que en el DIF Municipal se trabaja para asegurar que nadie se quede atr\u00e1s. Estos aparatos son una extensi\u00f3n de cari\u00f1o y solidaridad con cada uno de los beneficiados.<\/p>\n\n\n\n<p>\u201cLos d\u00edas que entregamos aparatos funcionales me llena de alegr\u00eda saber que vamos a transformar un poquito la vida de alguien m\u00e1s, darles un poquito m\u00e1s de comodidad, a quien necesita este aparato funcional y a sus familias\u201d, coment\u00f3 Rivera de Un\u00e1nue.<\/p>\n\n\n\n<p>Cabe destacar que esta es la segunda entrega que se realiza en este 2024, con lo que ya suman m\u00e1s de mil aparatos funcionales entregados durante el gobierno del alcalde Juan Manuel Un\u00e1nue.<\/p>\n\n\n\n<p>El compromiso de la administraci\u00f3n municipal es continuar gestionando y distribuyendo estos apoyos de manera equitativa. Juntos, construimos una ciudad m\u00e1s inclusiva y solidaria.<\/p>\n","protected":false},"excerpt":{"rendered":"<p>*Junto a Melina Rivera de Un\u00e1nue; presidenta del DIF Municipal, realizaron la entrega de aparatos funcionales a boque\u00f1os de todas las edades. *Con estos apoyos son ya m\u00e1s de mil aparatos funcionales los que se han entregado en esta administraci\u00f3n municipal. Boca del R\u00edo, Ver.- El alcalde Juan Manuel Un\u00e1nue Abascal y la presidenta del [&hellip;]<\/p>\n","protected":false},"author":2476,"featured_media":51184,"comment_status":"open","ping_status":"open","sticky":false,"template":"","format":"standard","meta":{"_jetpack_memberships_contains_paid_content":false,"footnotes":""},"categories":[2],"tags":[],"class_list":["post-51183","post","type-post","status-publish","format-standard","has-post-thumbnail","hentry","category-estado"],"jetpack_featured_media_url":"https:\/\/encuentroinformativo.com.mx\/wp-content\/uploads\/2024\/02\/IMG-20240228-WA0114.jpg","jetpack_sharing_enabled":true,"jetpack_likes_enabled":true,"amp_enabled":true,"_links":{"self":[{"href":"https:\/\/encuentroinformativo.com.mx\/index.php?rest_route=\/wp\/v2\/posts\/51183","targetHints":{"allow":["GET"]}}],"collection":[{"href":"https:\/\/encuentroinformativo.com.mx\/index.php?rest_route=\/wp\/v2\/posts"}],"about":[{"href":"https:\/\/encuentroinformativo.com.mx\/index.php?rest_route=\/wp\/v2\/types\/post"}],"author":[{"embeddable":true,"href":"https:\/\/encuentroinformativo.com.mx\/index.php?rest_route=\/wp\/v2\/users\/2476"}],"replies":[{"embeddable":true,"href":"https:\/\/encuentroinformativo.com.mx\/index.php?rest_route=%2Fwp%2Fv2%2Fcomments&post=51183"}],"version-history":[{"count":1,"href":"https:\/\/encuentroinformativo.com.mx\/index.php?rest_route=\/wp\/v2\/posts\/51183\/revisions"}],"predecessor-version":[{"id":51185,"href":"https:\/\/encuentroinformativo.com.mx\/index.php?rest_route=\/wp\/v2\/posts\/51183\/revisions\/51185"}],"wp:featuredmedia":[{"embeddable":true,"href":"https:\/\/encuentroinformativo.com.mx\/index.php?rest_route=\/wp\/v2\/media\/51184"}],"wp:attachment":[{"href":"https:\/\/encuentroinformativo.com.mx\/index.php?rest_route=%2Fwp%2Fv2%2Fmedia&parent=51183"}],"wp:term":[{"taxonomy":"category","embeddable":true,"href":"https:\/\/encuentroinformativo.com.mx\/index.php?rest_route=%2Fwp%2Fv2%2Fcategories&post=51183"},{"taxonomy":"post_tag","embeddable":true,"href":"https:\/\/encuentroinformativo.com.mx\/index.php?rest_route=%2Fwp%2Fv2%2Ftags&post=51183"}],"curies":[{"name":"wp","href":"https:\/\/api.w.org\/{rel}","templated":true}]}}