{"id":51192,"date":"2024-02-28T15:13:16","date_gmt":"2024-02-28T21:13:16","guid":{"rendered":"https:\/\/encuentroinformativo.com.mx\/?p=51192"},"modified":"2024-02-28T15:13:26","modified_gmt":"2024-02-28T21:13:26","slug":"participa-ssp-con-encuentro-ciudadano-orgullopolicial-en-macro-feria-aprendo-a-cuidarme","status":"publish","type":"post","link":"https:\/\/encuentroinformativo.com.mx\/?p=51192","title":{"rendered":"Participa SSP con Encuentro Ciudadano #OrgulloPolicial en Macro Feria Aprendo a Cuidarme"},"content":{"rendered":"\n<p><strong>*El a\u00f1o pasado Veracruz tuvo un incremento del 8% en percepci\u00f3n de seguridad.<\/strong><\/p>\n\n\n\n<p><strong>*La encuesta de seguridad p\u00fablica urbana que mide Xalapa, Coatzacoalcos y Veracruz Boca del R\u00edo inform\u00f3 un incremento en la confianza a las instituciones de seguridad.<\/strong><\/p>\n\n\n\n<p>Coatzacoalcos, Ver.- En el marco de la Macro Feria Aprendo a Cuidarme que promueve la Secretar\u00eda de Protecci\u00f3n Civil, el director de Vinculaci\u00f3n Institucional (DGVI) de la Secretar\u00eda de Seguridad P\u00fablica fue abordado por reporteros quienes le preguntaron sobre la participaci\u00f3n de la SSP en el evento y la percepci\u00f3n de seguridad.<\/p>\n\n\n\n<p>Eleazar Guerrero Barrera titular de la DGVI respondi\u00f3 a las preguntas afirmando primeramente que la intenci\u00f3n de presentar todos los servicios que ofrece la Secretar\u00eda de Seguridad P\u00fablica a los ciudadanos, fortalece la confianza en la instituci\u00f3n y abona en beneficio de una mejor percepci\u00f3n de la seguridad.<\/p>\n\n\n\n<p>Afirm\u00f3 tambi\u00e9n que el a\u00f1o pasado cerraron con un incremento del 8% en la percepci\u00f3n de la seguridad, aspecto que ha requerido un gran esfuerzo tanto operativo como administrativo. Destac\u00f3 que el m\u00e1s reciente estudio que eval\u00faa a tres municipios registr\u00f3 un incremento a la confianza:<\/p>\n\n\n\n<p>\u201cAs\u00ed como la encuesta de seguridad p\u00fablica urbana tambi\u00e9n que mide a tres municipios de Veracruz, que son Xalapa, Coatzacoalcos y Veracruz Boca del R\u00edo, tambi\u00e9n en el an\u00e1lisis que se hizo del 18 a la fecha, pues hay un incremento en la confianza.\u201d<\/p>\n\n\n\n<p>Y agreg\u00f3: \u201cY parte de todo ello, que es el esfuerzo institucional completo, pero esto de acercar los servicios de la Secretar\u00eda de Seguridad p\u00fablica a la gente a los diferentes p\u00fablicos de nuestra sociedad, es muy importante. Empieza a ver una percepci\u00f3n desde la infancia, los padres de familia, los maestros, les damos aqu\u00ed toda la informaci\u00f3n de todas las \u00e1reas, de toda la tecnolog\u00eda nueva, que trae el C4, por ejemplo. Para atender emergencias, los aplicativos, el tel\u00e9fono a los negocios, traemos todo lo que es cultura vial para que los j\u00f3venes, y desde chiquitos, los ni\u00f1os sepan que para manejar se necesita saber que hay una forma de conducir correctamente, vienen los m\u00f3dulos de prevenci\u00f3n, de adicciones, de prevenci\u00f3n, de violencia, de prevenci\u00f3n del bullying\u201d.<\/p>\n\n\n\n<p>Guerrero Barrera dijo tambi\u00e9n que la SSP participa en otros eventos llevando la informaci\u00f3n que comparten en esta feria a trav\u00e9s de un gran esfuerzo en recursos financieros y humanos, donde participan cerca de 60 integrantes de la instituci\u00f3n.<\/p>\n\n\n\n<p>\u201cvamos a estar como lo estuvimos en los a\u00f1os pasados, en todo el lugar donde se expresa la alegr\u00eda, de Veracruz, ya estuvimos la Tlacotalpan, vamos a estar en el Salsa Fest, vamos a estar en el Taj\u00edn, que ya viene en un par de semanas, todo este esfuerzo se est\u00e1 haciendo precisamente para que la sociedad vea de una manera real que esta Secretar\u00eda est\u00e1 a sus \u00f3rdenes y se est\u00e1 acercando a ellos.\u201d<\/p>\n\n\n\n<p>La Direcci\u00f3n General de Vinculaci\u00f3n Institucional es un \u00e1rea estrat\u00e9gica de la SSP Veracruz, ya que desde ese espacio se operan 9 programas para los distintos sectores de la poblaci\u00f3n, generando con ello un v\u00ednculo entre sociedad y gobierno.<\/p>\n\n\n\n<figure class=\"wp-block-image size-large\"><img loading=\"lazy\" decoding=\"async\" width=\"1024\" height=\"684\" src=\"https:\/\/encuentroinformativo.com.mx\/wp-content\/uploads\/2024\/02\/IMG-20240228-WA0211-1024x684.jpg\" alt=\"\" class=\"wp-image-51194\" srcset=\"https:\/\/encuentroinformativo.com.mx\/wp-content\/uploads\/2024\/02\/IMG-20240228-WA0211-1024x684.jpg 1024w, https:\/\/encuentroinformativo.com.mx\/wp-content\/uploads\/2024\/02\/IMG-20240228-WA0211-300x200.jpg 300w, https:\/\/encuentroinformativo.com.mx\/wp-content\/uploads\/2024\/02\/IMG-20240228-WA0211-768x513.jpg 768w, https:\/\/encuentroinformativo.com.mx\/wp-content\/uploads\/2024\/02\/IMG-20240228-WA0211-1536x1025.jpg 1536w, https:\/\/encuentroinformativo.com.mx\/wp-content\/uploads\/2024\/02\/IMG-20240228-WA0211.jpg 1600w\" sizes=\"auto, (max-width: 1024px) 100vw, 1024px\" \/><\/figure>\n","protected":false},"excerpt":{"rendered":"<p>*El a\u00f1o pasado Veracruz tuvo un incremento del 8% en percepci\u00f3n de seguridad. *La encuesta de seguridad p\u00fablica urbana que mide Xalapa, Coatzacoalcos y Veracruz Boca del R\u00edo inform\u00f3 un incremento en la confianza a las instituciones de seguridad. Coatzacoalcos, Ver.- En el marco de la Macro Feria Aprendo a Cuidarme que promueve la Secretar\u00eda [&hellip;]<\/p>\n","protected":false},"author":2476,"featured_media":51193,"comment_status":"open","ping_status":"open","sticky":false,"template":"","format":"standard","meta":{"_jetpack_memberships_contains_paid_content":false,"footnotes":""},"categories":[2],"tags":[],"class_list":["post-51192","post","type-post","status-publish","format-standard","has-post-thumbnail","hentry","category-estado"],"jetpack_featured_media_url":"https:\/\/encuentroinformativo.com.mx\/wp-content\/uploads\/2024\/02\/IMG-20240228-WA0223.jpg","jetpack_sharing_enabled":true,"jetpack_likes_enabled":true,"amp_enabled":true,"_links":{"self":[{"href":"https:\/\/encuentroinformativo.com.mx\/index.php?rest_route=\/wp\/v2\/posts\/51192","targetHints":{"allow":["GET"]}}],"collection":[{"href":"https:\/\/encuentroinformativo.com.mx\/index.php?rest_route=\/wp\/v2\/posts"}],"about":[{"href":"https:\/\/encuentroinformativo.com.mx\/index.php?rest_route=\/wp\/v2\/types\/post"}],"author":[{"embeddable":true,"href":"https:\/\/encuentroinformativo.com.mx\/index.php?rest_route=\/wp\/v2\/users\/2476"}],"replies":[{"embeddable":true,"href":"https:\/\/encuentroinformativo.com.mx\/index.php?rest_route=%2Fwp%2Fv2%2Fcomments&post=51192"}],"version-history":[{"count":1,"href":"https:\/\/encuentroinformativo.com.mx\/index.php?rest_route=\/wp\/v2\/posts\/51192\/revisions"}],"predecessor-version":[{"id":51195,"href":"https:\/\/encuentroinformativo.com.mx\/index.php?rest_route=\/wp\/v2\/posts\/51192\/revisions\/51195"}],"wp:featuredmedia":[{"embeddable":true,"href":"https:\/\/encuentroinformativo.com.mx\/index.php?rest_route=\/wp\/v2\/media\/51193"}],"wp:attachment":[{"href":"https:\/\/encuentroinformativo.com.mx\/index.php?rest_route=%2Fwp%2Fv2%2Fmedia&parent=51192"}],"wp:term":[{"taxonomy":"category","embeddable":true,"href":"https:\/\/encuentroinformativo.com.mx\/index.php?rest_route=%2Fwp%2Fv2%2Fcategories&post=51192"},{"taxonomy":"post_tag","embeddable":true,"href":"https:\/\/encuentroinformativo.com.mx\/index.php?rest_route=%2Fwp%2Fv2%2Ftags&post=51192"}],"curies":[{"name":"wp","href":"https:\/\/api.w.org\/{rel}","templated":true}]}}