{"id":51196,"date":"2024-02-28T15:20:33","date_gmt":"2024-02-28T21:20:33","guid":{"rendered":"https:\/\/encuentroinformativo.com.mx\/?p=51196"},"modified":"2024-02-28T15:20:38","modified_gmt":"2024-02-28T21:20:38","slug":"ayuntamiento-de-boca-del-rio-se-une-a-transparencia-naranja-del-ivai","status":"publish","type":"post","link":"https:\/\/encuentroinformativo.com.mx\/?p=51196","title":{"rendered":"Ayuntamiento de Boca del R\u00edo se une a Transparencia Naranja del IVAI"},"content":{"rendered":"\n<p>Boca del R\u00edo, Ver.- Ileana Junue Maga\u00f1a Cabrera, Directora de Transparencia de este \u00d3rgano Garante, en representaci\u00f3n del Comisionado Presidente, David Agust\u00edn Jim\u00e9nez Rojas, el Presidente Municipal de Boca del R\u00edo Juan Manuel De Unanue Abascal y la Titular de la Unidad de G\u00e9nero del IVAI, Yumira Mart\u00ednez, estuvieron presentes en la Firma de la Carta Declaratoria de la Adhesi\u00f3n al Programa \u201cTransparencia Naranja\u201d.<\/p>\n\n\n\n<p>Durante su mensaje la Mtra. Ileana Junue agradeci\u00f3 el recibimiento por parte del Alcalde de Boca del R\u00edo y se\u00f1al\u00f3 que \u201cel proyecto de \u201cTransparencia Naranja\u201d nace con el prop\u00f3sito de visibilizar todas aquellas acciones que llevan a cabo d\u00eda a d\u00eda las instituciones y en este caso los ayuntamientos; esto con el objetivo de dar a conocer todas las actividades que las instituciones y este ayuntamiento llevan a cabo\u201d.<\/p>\n\n\n\n<p>Durante su intervenci\u00f3n el Alcalde de Boca del R\u00edo, Juan Manuel de Unanue Abascal enfatiz\u00f3 esta acci\u00f3n es muy importante para el Ayuntamiento.<\/p>\n\n\n\n<p>&#8220;Este evento tiene una relevancia muy significativa para mi gobierno, ya que desde el primer d\u00eda de mi administraci\u00f3n iniciamos los trabajos para fortalecer aquellas pol\u00edticas que contribuyan a la igualdad entre hombres y mujeres; por eso agradezco y reconozco el gran trabajo de coordinaci\u00f3n que han realizado las distintas \u00e1reas municipales con el IVAI para que este d\u00eda Boca del R\u00edo sea el primer municipio del Estado en firmar esta carta declaratoria de adhesi\u00f3n a Transparencia Naranja\u201d a\u00f1adi\u00f3 De Unanue Abascal.<\/p>\n\n\n\n<p>Juan Manuel finaliz\u00f3 su intervenci\u00f3n destacando el trabajo que han realizado al incorporar acciones y programas para erradicar la violencia de g\u00e9nero con ejes transversales, en donde el micrositio de \u201cTransparencia Naranja\u201d sirve para avanzar en t\u00e9rminos de Transparencia Proactiva bajo el principio de m\u00e1xima publicidad y disponibilidad mismos que permiten la generaci\u00f3n de conocimiento \u00fatil y enfocado a la prevenci\u00f3n, detecci\u00f3n y denuncia de violencia de g\u00e9nero.<\/p>\n\n\n\n<p>Estuvieron Presentes por parte del Ayuntamiento de Boca del Rio; la S\u00edndica \u00danica Susana Tiburcio Galicia; la Regidora VI con la Comisi\u00f3n de transparencia, Ricarda Chac\u00f3n Ortiz; la Titular de la Unidad de Transparencia y Acceso a la Informaci\u00f3n Municipal, Alma Patricia Uscanga Medina y la Directora del Instituto Municipal de la Mujeres de Boca del R\u00edo, Ana Gabriela Pantoja Andrade.<\/p>\n\n\n\n<figure class=\"wp-block-image size-large\"><img loading=\"lazy\" decoding=\"async\" width=\"1024\" height=\"440\" src=\"https:\/\/encuentroinformativo.com.mx\/wp-content\/uploads\/2024\/02\/IMG-20240228-WA0190-1024x440.jpg\" alt=\"\" class=\"wp-image-51198\" srcset=\"https:\/\/encuentroinformativo.com.mx\/wp-content\/uploads\/2024\/02\/IMG-20240228-WA0190-1024x440.jpg 1024w, https:\/\/encuentroinformativo.com.mx\/wp-content\/uploads\/2024\/02\/IMG-20240228-WA0190-300x129.jpg 300w, https:\/\/encuentroinformativo.com.mx\/wp-content\/uploads\/2024\/02\/IMG-20240228-WA0190-768x330.jpg 768w, https:\/\/encuentroinformativo.com.mx\/wp-content\/uploads\/2024\/02\/IMG-20240228-WA0190.jpg 1280w\" sizes=\"auto, (max-width: 1024px) 100vw, 1024px\" \/><\/figure>\n","protected":false},"excerpt":{"rendered":"<p>Boca del R\u00edo, Ver.- Ileana Junue Maga\u00f1a Cabrera, Directora de Transparencia de este \u00d3rgano Garante, en representaci\u00f3n del Comisionado Presidente, David Agust\u00edn Jim\u00e9nez Rojas, el Presidente Municipal de Boca del R\u00edo Juan Manuel De Unanue Abascal y la Titular de la Unidad de G\u00e9nero del IVAI, Yumira Mart\u00ednez, estuvieron presentes en la Firma de la [&hellip;]<\/p>\n","protected":false},"author":2476,"featured_media":51197,"comment_status":"open","ping_status":"open","sticky":false,"template":"","format":"standard","meta":{"_jetpack_memberships_contains_paid_content":false,"footnotes":""},"categories":[2],"tags":[],"class_list":["post-51196","post","type-post","status-publish","format-standard","has-post-thumbnail","hentry","category-estado"],"jetpack_featured_media_url":"https:\/\/encuentroinformativo.com.mx\/wp-content\/uploads\/2024\/02\/IMG-20240228-WA01891.jpg","jetpack_sharing_enabled":true,"jetpack_likes_enabled":true,"amp_enabled":true,"_links":{"self":[{"href":"https:\/\/encuentroinformativo.com.mx\/index.php?rest_route=\/wp\/v2\/posts\/51196","targetHints":{"allow":["GET"]}}],"collection":[{"href":"https:\/\/encuentroinformativo.com.mx\/index.php?rest_route=\/wp\/v2\/posts"}],"about":[{"href":"https:\/\/encuentroinformativo.com.mx\/index.php?rest_route=\/wp\/v2\/types\/post"}],"author":[{"embeddable":true,"href":"https:\/\/encuentroinformativo.com.mx\/index.php?rest_route=\/wp\/v2\/users\/2476"}],"replies":[{"embeddable":true,"href":"https:\/\/encuentroinformativo.com.mx\/index.php?rest_route=%2Fwp%2Fv2%2Fcomments&post=51196"}],"version-history":[{"count":1,"href":"https:\/\/encuentroinformativo.com.mx\/index.php?rest_route=\/wp\/v2\/posts\/51196\/revisions"}],"predecessor-version":[{"id":51199,"href":"https:\/\/encuentroinformativo.com.mx\/index.php?rest_route=\/wp\/v2\/posts\/51196\/revisions\/51199"}],"wp:featuredmedia":[{"embeddable":true,"href":"https:\/\/encuentroinformativo.com.mx\/index.php?rest_route=\/wp\/v2\/media\/51197"}],"wp:attachment":[{"href":"https:\/\/encuentroinformativo.com.mx\/index.php?rest_route=%2Fwp%2Fv2%2Fmedia&parent=51196"}],"wp:term":[{"taxonomy":"category","embeddable":true,"href":"https:\/\/encuentroinformativo.com.mx\/index.php?rest_route=%2Fwp%2Fv2%2Fcategories&post=51196"},{"taxonomy":"post_tag","embeddable":true,"href":"https:\/\/encuentroinformativo.com.mx\/index.php?rest_route=%2Fwp%2Fv2%2Ftags&post=51196"}],"curies":[{"name":"wp","href":"https:\/\/api.w.org\/{rel}","templated":true}]}}