{"id":51210,"date":"2024-02-28T20:30:16","date_gmt":"2024-02-29T02:30:16","guid":{"rendered":"https:\/\/encuentroinformativo.com.mx\/?p=51210"},"modified":"2024-02-28T20:30:22","modified_gmt":"2024-02-29T02:30:22","slug":"zonas-indigenas-mas-propensas-a-violencia-politica-en-razon-de-genero","status":"publish","type":"post","link":"https:\/\/encuentroinformativo.com.mx\/?p=51210","title":{"rendered":"Zonas ind\u00edgenas m\u00e1s propensas a violencia pol\u00edtica en raz\u00f3n de g\u00e9nero"},"content":{"rendered":"\n<p><strong>Dar\u00edo Pale <\/strong><\/p>\n\n\n\n<p>Xalapa, Ver.- El mayor porcentaje de casos respecto a violencia pol\u00edtica en raz\u00f3n de g\u00e9nero se registra en las zonas ind\u00edgenas; Veracruz es el segundo estado del pa\u00eds con mayor incidencia, la primera posici\u00f3n la ocupa Oaxaca, as\u00ed lo dio a conocer la consejera del Tribunal Electoral de Veracruz (TEV), Claudia D\u00edaz Tablada.<\/p>\n\n\n\n<p>En entrevista inform\u00f3 que en lo que va del proceso electoral, no se ha acreditado ning\u00fan caso por esta causa.<\/p>\n\n\n\n<p>Al respecto, se\u00f1al\u00f3 que a fin de evitar que las agresiones aumenten es necesario que las mujeres activas en la esfera pol\u00edtica est\u00e9n informadas de sus derechos.<\/p>\n\n\n\n<p>\u201cTienen que saber cu\u00e1les son sus derechos para que acudan ante las autoridades (\u2026), y s\u00ed, efectivamente, se dan m\u00e1s en el \u00e1mbito donde hay zonas ind\u00edgenas, por ejemplo, m\u00e1s que en zonas rurales\u201d, se\u00f1al\u00f3.<\/p>\n\n\n\n<p>En ese sentido, coment\u00f3 que con base en expedientes anteriores a quienes se violenta, con m\u00e1s frecuencia es a personajes del \u00e1mbito municipal.<\/p>\n\n\n\n<p>Asimismo, agreg\u00f3 que se han registrado tambi\u00e9n casos de violencia pol\u00edtica en hombres, aunque estos son menores, \u201cel a\u00f1o pasado, aproximadamente, fueron como 4 casos que se dieron, pero son m\u00e1s espor\u00e1dicos\u201d.<\/p>\n\n\n\n<p>\u201cNosotros visualizamos, por ejemplo, que estas agresiones son a s\u00edndicas, regidoras, presidentas municipales, donde se les est\u00e1 presentando (la violencia) de parte de los mismos compa\u00f1eros integrantes del cabildo, pero tambi\u00e9n inclusive desde los medios de comunicaci\u00f3n\u201d, coment\u00f3.<\/p>\n\n\n\n<p>Record\u00f3 que en 2023 se presentaron medios de impugnaci\u00f3n respecto a 60 casos por violencia pol\u00edtica en raz\u00f3n de g\u00e9nero, de los cuales se acreditaron solo 8 expedientes.<\/p>\n\n\n\n<p>\u201cEsto porque de acuerdo al an\u00e1lisis para que se d\u00e9 el tema de la violencia tendr\u00edan que cumplirse todos los requisitos del protocolo, con uno que falte, ya no se da el tema de la violencia; se dan temas de obstrucci\u00f3n y que pueden repercutir en violencia pol\u00edtica en raz\u00f3n de g\u00e9nero y, adem\u00e1s, cuesta trabajo determinar el elemento del g\u00e9nero\u201d, dijo en entrevista.<\/p>\n\n\n\n<p>Finalmente dio a conocer que este a\u00f1o se han presentado 15 juicios, \u201cen los que se viene analizando el tema de la violencia; nosotros tenemos una gran responsabilidad precisamente y a partir del golpe de sentencia tenemos que garantizar los derechos de las mujeres (\u2026)\u201d.<\/p>\n","protected":false},"excerpt":{"rendered":"<p>Dar\u00edo Pale Xalapa, Ver.- El mayor porcentaje de casos respecto a violencia pol\u00edtica en raz\u00f3n de g\u00e9nero se registra en las zonas ind\u00edgenas; Veracruz es el segundo estado del pa\u00eds con mayor incidencia, la primera posici\u00f3n la ocupa Oaxaca, as\u00ed lo dio a conocer la consejera del Tribunal Electoral de Veracruz (TEV), Claudia D\u00edaz Tablada. [&hellip;]<\/p>\n","protected":false},"author":2476,"featured_media":51211,"comment_status":"open","ping_status":"open","sticky":false,"template":"","format":"standard","meta":{"_jetpack_memberships_contains_paid_content":false,"footnotes":""},"categories":[2],"tags":[],"class_list":["post-51210","post","type-post","status-publish","format-standard","has-post-thumbnail","hentry","category-estado"],"jetpack_featured_media_url":"https:\/\/encuentroinformativo.com.mx\/wp-content\/uploads\/2024\/02\/IMG-20240228-WA02832.jpg","jetpack_sharing_enabled":true,"jetpack_likes_enabled":true,"amp_enabled":true,"_links":{"self":[{"href":"https:\/\/encuentroinformativo.com.mx\/index.php?rest_route=\/wp\/v2\/posts\/51210","targetHints":{"allow":["GET"]}}],"collection":[{"href":"https:\/\/encuentroinformativo.com.mx\/index.php?rest_route=\/wp\/v2\/posts"}],"about":[{"href":"https:\/\/encuentroinformativo.com.mx\/index.php?rest_route=\/wp\/v2\/types\/post"}],"author":[{"embeddable":true,"href":"https:\/\/encuentroinformativo.com.mx\/index.php?rest_route=\/wp\/v2\/users\/2476"}],"replies":[{"embeddable":true,"href":"https:\/\/encuentroinformativo.com.mx\/index.php?rest_route=%2Fwp%2Fv2%2Fcomments&post=51210"}],"version-history":[{"count":1,"href":"https:\/\/encuentroinformativo.com.mx\/index.php?rest_route=\/wp\/v2\/posts\/51210\/revisions"}],"predecessor-version":[{"id":51212,"href":"https:\/\/encuentroinformativo.com.mx\/index.php?rest_route=\/wp\/v2\/posts\/51210\/revisions\/51212"}],"wp:featuredmedia":[{"embeddable":true,"href":"https:\/\/encuentroinformativo.com.mx\/index.php?rest_route=\/wp\/v2\/media\/51211"}],"wp:attachment":[{"href":"https:\/\/encuentroinformativo.com.mx\/index.php?rest_route=%2Fwp%2Fv2%2Fmedia&parent=51210"}],"wp:term":[{"taxonomy":"category","embeddable":true,"href":"https:\/\/encuentroinformativo.com.mx\/index.php?rest_route=%2Fwp%2Fv2%2Fcategories&post=51210"},{"taxonomy":"post_tag","embeddable":true,"href":"https:\/\/encuentroinformativo.com.mx\/index.php?rest_route=%2Fwp%2Fv2%2Ftags&post=51210"}],"curies":[{"name":"wp","href":"https:\/\/api.w.org\/{rel}","templated":true}]}}