{"id":51231,"date":"2024-02-29T11:57:30","date_gmt":"2024-02-29T17:57:30","guid":{"rendered":"https:\/\/encuentroinformativo.com.mx\/?p=51231"},"modified":"2024-02-29T11:57:36","modified_gmt":"2024-02-29T17:57:36","slug":"con-jornadas-de-salud-apoyaran-a-infantes-que-necesitan-anteojos","status":"publish","type":"post","link":"https:\/\/encuentroinformativo.com.mx\/?p=51231","title":{"rendered":"Con jornadas de salud, apoyar\u00e1n a infantes que necesitan anteojos"},"content":{"rendered":"\n<p><strong>Dar\u00edo Pale <\/strong><\/p>\n\n\n\n<p>Xalapa, Ver.- Un 7.8 por ciento de ni\u00f1os y j\u00f3venes de 4 a 15 a\u00f1os necesitan lentes y m\u00e1s de la mitad no tienen manera de obtenerlos, as\u00ed lo dio a conocer la integrante de la Asociaci\u00f3n Civil, \u201cVoluntades\u201d, Dana D\u00edaz.<\/p>\n\n\n\n<p>En conferencia de prensa, inform\u00f3 que durante los d\u00edas s\u00e1bados del mes de marzo, se realizar\u00e1n jornadas de Salud en las distintas colonias de Xalapa, en donde se ofrecer\u00e1n anteojos a 80 pesos, adem\u00e1s de servicios de fisioterapia, nutrici\u00f3n, psicolog\u00eda, quiropr\u00e1ctica, \u00e1rea jur\u00eddica, medicina general y pediatr\u00eda.<\/p>\n\n\n\n<p>Se\u00f1al\u00f3 que este grupo de j\u00f3venes cuenta con el respaldo de las c\u00e1maras empresariales de CANACO y Canacintra.<\/p>\n\n\n\n<p>En este sentido, record\u00f3 que durante la pandemia se generaron alrededor de 300 empleos formales e informales.<\/p>\n\n\n\n<p>Por \u00faltimo coment\u00f3 que, \u201clos j\u00f3venes somos el presente y tenemos que alzar la voz, estamos en conjunto con las c\u00e1maras y tenemos el respaldo, en el 2020 en pandemia generamos m\u00e1s de 300 empleos formales e informales, ense\u00f1ando como llenar una solicitud de empleo\u201d.<\/p>\n","protected":false},"excerpt":{"rendered":"<p>Dar\u00edo Pale Xalapa, Ver.- Un 7.8 por ciento de ni\u00f1os y j\u00f3venes de 4 a 15 a\u00f1os necesitan lentes y m\u00e1s de la mitad no tienen manera de obtenerlos, as\u00ed lo dio a conocer la integrante de la Asociaci\u00f3n Civil, \u201cVoluntades\u201d, Dana D\u00edaz. En conferencia de prensa, inform\u00f3 que durante los d\u00edas s\u00e1bados del mes [&hellip;]<\/p>\n","protected":false},"author":2476,"featured_media":51232,"comment_status":"open","ping_status":"open","sticky":false,"template":"","format":"standard","meta":{"_jetpack_memberships_contains_paid_content":false,"footnotes":""},"categories":[9],"tags":[],"class_list":["post-51231","post","type-post","status-publish","format-standard","has-post-thumbnail","hentry","category-salud"],"jetpack_featured_media_url":"https:\/\/encuentroinformativo.com.mx\/wp-content\/uploads\/2024\/02\/IMG-20240229-WA0018.jpg","jetpack_sharing_enabled":true,"jetpack_likes_enabled":true,"amp_enabled":true,"_links":{"self":[{"href":"https:\/\/encuentroinformativo.com.mx\/index.php?rest_route=\/wp\/v2\/posts\/51231","targetHints":{"allow":["GET"]}}],"collection":[{"href":"https:\/\/encuentroinformativo.com.mx\/index.php?rest_route=\/wp\/v2\/posts"}],"about":[{"href":"https:\/\/encuentroinformativo.com.mx\/index.php?rest_route=\/wp\/v2\/types\/post"}],"author":[{"embeddable":true,"href":"https:\/\/encuentroinformativo.com.mx\/index.php?rest_route=\/wp\/v2\/users\/2476"}],"replies":[{"embeddable":true,"href":"https:\/\/encuentroinformativo.com.mx\/index.php?rest_route=%2Fwp%2Fv2%2Fcomments&post=51231"}],"version-history":[{"count":1,"href":"https:\/\/encuentroinformativo.com.mx\/index.php?rest_route=\/wp\/v2\/posts\/51231\/revisions"}],"predecessor-version":[{"id":51233,"href":"https:\/\/encuentroinformativo.com.mx\/index.php?rest_route=\/wp\/v2\/posts\/51231\/revisions\/51233"}],"wp:featuredmedia":[{"embeddable":true,"href":"https:\/\/encuentroinformativo.com.mx\/index.php?rest_route=\/wp\/v2\/media\/51232"}],"wp:attachment":[{"href":"https:\/\/encuentroinformativo.com.mx\/index.php?rest_route=%2Fwp%2Fv2%2Fmedia&parent=51231"}],"wp:term":[{"taxonomy":"category","embeddable":true,"href":"https:\/\/encuentroinformativo.com.mx\/index.php?rest_route=%2Fwp%2Fv2%2Fcategories&post=51231"},{"taxonomy":"post_tag","embeddable":true,"href":"https:\/\/encuentroinformativo.com.mx\/index.php?rest_route=%2Fwp%2Fv2%2Ftags&post=51231"}],"curies":[{"name":"wp","href":"https:\/\/api.w.org\/{rel}","templated":true}]}}