{"id":51234,"date":"2024-02-29T12:07:53","date_gmt":"2024-02-29T18:07:53","guid":{"rendered":"https:\/\/encuentroinformativo.com.mx\/?p=51234"},"modified":"2024-02-29T12:07:58","modified_gmt":"2024-02-29T18:07:58","slug":"ciudadanos-deben-salir-a-votar-para-evitar-eleccion-de-estado-canaco","status":"publish","type":"post","link":"https:\/\/encuentroinformativo.com.mx\/?p=51234","title":{"rendered":"Ciudadanos deben salir a votar para evitar elecci\u00f3n de estado: CANACO"},"content":{"rendered":"\n<p><strong>Dar\u00edo Pale <\/strong><\/p>\n\n\n\n<p>Xalapa, Ver.- Si la ciudadan\u00eda sale a ejercer su voto en los pr\u00f3ximos comicios, no existir\u00e1 una elecci\u00f3n de estado, as\u00ed lo dio a conocer el presidente de la C\u00e1mara Nacional de Comercio (CANACO) Servytur Xalapa, Carlos Arturo Luna G\u00f3mez.<\/p>\n\n\n\n<p>En entrevista se\u00f1al\u00f3 que, \u201cla ciudadan\u00eda tiene que tomar el control a nivel social. Tienen que salir a votar, ah\u00ed es donde est\u00e1 el tema, no existe una elecci\u00f3n de estado si la gente hace lo suyo, habr\u00e1 presiones pero la sociedad tendr\u00e1 los tama\u00f1os para salir a votar\u201d.<\/p>\n\n\n\n<p>Dio a conocer que desde el sector empresarial se espera que la forma de gobierno cambie y en este sentido, precis\u00f3 que se tiene mucho que aportar.<\/p>\n\n\n\n<p>Agreg\u00f3 que las tem\u00e1ticas que interesan a nivel empresarial son: la seguridad, econom\u00eda y apoyo, adem\u00e1s de que se tome en cuenta a la sociedad civil organizada en las pol\u00edticas p\u00fablicas.<\/p>\n\n\n\n<p>\u201cEs el momento de la sociedad civil organizada para tener resultados, queremos invitarlos a participar (a los candidatos), cu\u00e1les son sus propuestas y su plataforma. Hemos tenido cercan\u00eda con sus equipos de trabajo, sabemos que est\u00e1n interesados en reunirse con las distintas sociedades y c\u00e1maras empresariales\u201d, se\u00f1al\u00f3.<\/p>\n","protected":false},"excerpt":{"rendered":"<p>Dar\u00edo Pale Xalapa, Ver.- Si la ciudadan\u00eda sale a ejercer su voto en los pr\u00f3ximos comicios, no existir\u00e1 una elecci\u00f3n de estado, as\u00ed lo dio a conocer el presidente de la C\u00e1mara Nacional de Comercio (CANACO) Servytur Xalapa, Carlos Arturo Luna G\u00f3mez. En entrevista se\u00f1al\u00f3 que, \u201cla ciudadan\u00eda tiene que tomar el control a nivel [&hellip;]<\/p>\n","protected":false},"author":2476,"featured_media":51235,"comment_status":"open","ping_status":"open","sticky":false,"template":"","format":"standard","meta":{"_jetpack_memberships_contains_paid_content":false,"footnotes":""},"categories":[2],"tags":[],"class_list":["post-51234","post","type-post","status-publish","format-standard","has-post-thumbnail","hentry","category-estado"],"jetpack_featured_media_url":"https:\/\/encuentroinformativo.com.mx\/wp-content\/uploads\/2024\/02\/IMG-20240229-WA0031.jpg","jetpack_sharing_enabled":true,"jetpack_likes_enabled":true,"amp_enabled":true,"_links":{"self":[{"href":"https:\/\/encuentroinformativo.com.mx\/index.php?rest_route=\/wp\/v2\/posts\/51234","targetHints":{"allow":["GET"]}}],"collection":[{"href":"https:\/\/encuentroinformativo.com.mx\/index.php?rest_route=\/wp\/v2\/posts"}],"about":[{"href":"https:\/\/encuentroinformativo.com.mx\/index.php?rest_route=\/wp\/v2\/types\/post"}],"author":[{"embeddable":true,"href":"https:\/\/encuentroinformativo.com.mx\/index.php?rest_route=\/wp\/v2\/users\/2476"}],"replies":[{"embeddable":true,"href":"https:\/\/encuentroinformativo.com.mx\/index.php?rest_route=%2Fwp%2Fv2%2Fcomments&post=51234"}],"version-history":[{"count":1,"href":"https:\/\/encuentroinformativo.com.mx\/index.php?rest_route=\/wp\/v2\/posts\/51234\/revisions"}],"predecessor-version":[{"id":51236,"href":"https:\/\/encuentroinformativo.com.mx\/index.php?rest_route=\/wp\/v2\/posts\/51234\/revisions\/51236"}],"wp:featuredmedia":[{"embeddable":true,"href":"https:\/\/encuentroinformativo.com.mx\/index.php?rest_route=\/wp\/v2\/media\/51235"}],"wp:attachment":[{"href":"https:\/\/encuentroinformativo.com.mx\/index.php?rest_route=%2Fwp%2Fv2%2Fmedia&parent=51234"}],"wp:term":[{"taxonomy":"category","embeddable":true,"href":"https:\/\/encuentroinformativo.com.mx\/index.php?rest_route=%2Fwp%2Fv2%2Fcategories&post=51234"},{"taxonomy":"post_tag","embeddable":true,"href":"https:\/\/encuentroinformativo.com.mx\/index.php?rest_route=%2Fwp%2Fv2%2Ftags&post=51234"}],"curies":[{"name":"wp","href":"https:\/\/api.w.org\/{rel}","templated":true}]}}