{"id":51240,"date":"2024-02-29T13:40:03","date_gmt":"2024-02-29T19:40:03","guid":{"rendered":"https:\/\/encuentroinformativo.com.mx\/?p=51240"},"modified":"2024-02-29T13:40:10","modified_gmt":"2024-02-29T19:40:10","slug":"don-julio-agente-de-transito-que-se-retira-tras-46-anos-de-labor","status":"publish","type":"post","link":"https:\/\/encuentroinformativo.com.mx\/?p=51240","title":{"rendered":"Don Julio, agente de tr\u00e1nsito que se retira tras 46 a\u00f1os de labor"},"content":{"rendered":"\n<p><strong>Juan Arcos <\/strong><\/p>\n\n\n\n<p>Xalapa, Ver.- Don Julio Alarc\u00f3n Celis logr\u00f3 su jubilaci\u00f3n como agente de la Direcci\u00f3n General de Tr\u00e1nsito y Seguridad Vial (Dgtsv) despu\u00e9s de 46 a\u00f1os, un mes y 25 d\u00edas de servicio en el estado de Veracruz. Es un sobreviviente del coronavirus y durante el duartismo lo atropellaron pero ahora se retira contento, con la idea de pasar m\u00e1s tiempo con su familia.\u00a0<\/p>\n\n\n\n<p>Este 29 de febrero es su \u00faltimo d\u00eda afuera de la cochera de Palacio de Gobierno, en el cruce de las calles Ignacio Zaragoza, Allende y Miguel Barrag\u00e1n, donde es saludado y felicitado por peatones y conductores que reconocen su labor profesional.\u00a0<\/p>\n\n\n\n<p>El adulto mayor tiene 67 a\u00f1os, es originario del municipio de Misantla y cumpli\u00f3 27 a\u00f1os en servicio afuera del Viaducto del parque Benito Ju\u00e1rez, en el centro hist\u00f3rico de la capital veracruzana.\u00a0<\/p>\n\n\n\n<p>Don Julio lleg\u00f3 Xalapa en el a\u00f1o 1976 y labor\u00f3 diez a\u00f1os como polic\u00eda estatal. Despu\u00e9s le atrajo m\u00e1s la actividad de un agente de tr\u00e1nsito y prefiri\u00f3 hacer un cambio en su \u00e1mbito laboral.\u00a0<\/p>\n\n\n\n<p>Durante el sexenio del priista Javier Duarte de Ochoa fue atropellado afuera de la cochera de Palacio de Gobierno por el conductor de un veh\u00edculo. Sufri\u00f3 un desgarre en los tendones del hombro derecho. Tard\u00f3 siete meses en recuperar la movilidad total y la fuerza en el brazo.\u00a0<\/p>\n\n\n\n<p>\u201cMe recomend\u00f3 un amigo la pomada de la t\u00eda, dice: esa es muy buena, el es ranchero, es de El Castillo. Me dice: esa es muy buena, agarrado para las vacas para desinflamar que te la compres y ya bendito Dios f\u00edjate la compr\u00e9 y bendito Dios se me quito qued\u00e9 muy bien\u201d.<\/p>\n\n\n\n<p>En 2020, cuando iniciaba la pandemia del Sars-Cov2 (Covid-19) contrajo esta enfermedad, tuvo que recibir cuidados especiales y estuvo 15 d\u00edas con ox\u00edgeno en su casa. Sinti\u00f3 que casi se topaba con la muerte.\u00a0<\/p>\n\n\n\n<p>\u201cFue al principio de la pandemia, lo compa\u00f1ero muri\u00f3 del Covid y como a los 10 d\u00edas, creo 12 d\u00edas, yo ca\u00ed enfermo, pero yo me cur\u00e9 en mi casa y le doy gracias a Dios y gracias a mis hijos que me echaron la mano y aqu\u00ed estoy bendito Dios\u201d.\u00a0<\/p>\n\n\n\n<p>El se\u00f1or, siempre educado como oficial de tr\u00e1nsito, labor\u00f3 por d\u00e9cadas para dar sustento y estudio a sus cuatro hijos: dos varones y dos mujeres, quienes ahora ya son profesionistas.\u00a0<\/p>\n\n\n\n<p>\u201cTrabaj\u00e9 de polic\u00eda 10 a\u00f1os, como polic\u00eda estatal. Fui a trabajar cuando estaba de gobernador Rafael Hern\u00e1ndez Ochoa. Trabaj\u00e9 10 a\u00f1os y me gust\u00f3 y dije voy a ver si me incorporo a tr\u00e1nsito y bendito Dios que logr\u00e9 aqu\u00ed me qued\u00e9 para sacar a mis hijos adelante\u201d, record\u00f3.<\/p>\n\n\n\n<figure class=\"wp-block-image size-large\"><img loading=\"lazy\" decoding=\"async\" width=\"1024\" height=\"768\" src=\"https:\/\/encuentroinformativo.com.mx\/wp-content\/uploads\/2024\/02\/IMG_9491-1024x768.jpg\" alt=\"\" class=\"wp-image-51242\" srcset=\"https:\/\/encuentroinformativo.com.mx\/wp-content\/uploads\/2024\/02\/IMG_9491-1024x768.jpg 1024w, https:\/\/encuentroinformativo.com.mx\/wp-content\/uploads\/2024\/02\/IMG_9491-300x225.jpg 300w, https:\/\/encuentroinformativo.com.mx\/wp-content\/uploads\/2024\/02\/IMG_9491-768x576.jpg 768w, https:\/\/encuentroinformativo.com.mx\/wp-content\/uploads\/2024\/02\/IMG_9491-1536x1152.jpg 1536w, https:\/\/encuentroinformativo.com.mx\/wp-content\/uploads\/2024\/02\/IMG_9491.jpg 2016w\" sizes=\"auto, (max-width: 1024px) 100vw, 1024px\" \/><\/figure>\n","protected":false},"excerpt":{"rendered":"<p>Juan Arcos Xalapa, Ver.- Don Julio Alarc\u00f3n Celis logr\u00f3 su jubilaci\u00f3n como agente de la Direcci\u00f3n General de Tr\u00e1nsito y Seguridad Vial (Dgtsv) despu\u00e9s de 46 a\u00f1os, un mes y 25 d\u00edas de servicio en el estado de Veracruz. Es un sobreviviente del coronavirus y durante el duartismo lo atropellaron pero ahora se retira contento, [&hellip;]<\/p>\n","protected":false},"author":2476,"featured_media":51241,"comment_status":"open","ping_status":"open","sticky":false,"template":"","format":"standard","meta":{"_jetpack_memberships_contains_paid_content":false,"footnotes":""},"categories":[3],"tags":[],"class_list":["post-51240","post","type-post","status-publish","format-standard","has-post-thumbnail","hentry","category-xalapa"],"jetpack_featured_media_url":"https:\/\/encuentroinformativo.com.mx\/wp-content\/uploads\/2024\/02\/IMG_9470.jpg","jetpack_sharing_enabled":true,"jetpack_likes_enabled":true,"amp_enabled":true,"_links":{"self":[{"href":"https:\/\/encuentroinformativo.com.mx\/index.php?rest_route=\/wp\/v2\/posts\/51240","targetHints":{"allow":["GET"]}}],"collection":[{"href":"https:\/\/encuentroinformativo.com.mx\/index.php?rest_route=\/wp\/v2\/posts"}],"about":[{"href":"https:\/\/encuentroinformativo.com.mx\/index.php?rest_route=\/wp\/v2\/types\/post"}],"author":[{"embeddable":true,"href":"https:\/\/encuentroinformativo.com.mx\/index.php?rest_route=\/wp\/v2\/users\/2476"}],"replies":[{"embeddable":true,"href":"https:\/\/encuentroinformativo.com.mx\/index.php?rest_route=%2Fwp%2Fv2%2Fcomments&post=51240"}],"version-history":[{"count":1,"href":"https:\/\/encuentroinformativo.com.mx\/index.php?rest_route=\/wp\/v2\/posts\/51240\/revisions"}],"predecessor-version":[{"id":51243,"href":"https:\/\/encuentroinformativo.com.mx\/index.php?rest_route=\/wp\/v2\/posts\/51240\/revisions\/51243"}],"wp:featuredmedia":[{"embeddable":true,"href":"https:\/\/encuentroinformativo.com.mx\/index.php?rest_route=\/wp\/v2\/media\/51241"}],"wp:attachment":[{"href":"https:\/\/encuentroinformativo.com.mx\/index.php?rest_route=%2Fwp%2Fv2%2Fmedia&parent=51240"}],"wp:term":[{"taxonomy":"category","embeddable":true,"href":"https:\/\/encuentroinformativo.com.mx\/index.php?rest_route=%2Fwp%2Fv2%2Fcategories&post=51240"},{"taxonomy":"post_tag","embeddable":true,"href":"https:\/\/encuentroinformativo.com.mx\/index.php?rest_route=%2Fwp%2Fv2%2Ftags&post=51240"}],"curies":[{"name":"wp","href":"https:\/\/api.w.org\/{rel}","templated":true}]}}