{"id":51247,"date":"2024-02-29T14:20:38","date_gmt":"2024-02-29T20:20:38","guid":{"rendered":"https:\/\/encuentroinformativo.com.mx\/?p=51247"},"modified":"2024-02-29T14:20:44","modified_gmt":"2024-02-29T20:20:44","slug":"por-falta-de-permisos-federales-gobernador-no-puede-inaugurar-el-lobario-en-aquarium-de-veracruz","status":"publish","type":"post","link":"https:\/\/encuentroinformativo.com.mx\/?p=51247","title":{"rendered":"Por falta de permisos federales gobernador no puede inaugurar el Lobario en Aquarium de Veracruz"},"content":{"rendered":"\n<p><strong>Alejandro \u00c1vila<\/strong><\/p>\n\n\n\n<p>Veracruz, Ver.- Por falta de permisos federales con los que a\u00fan no cuenta la Procuradur\u00eda de Medio Ambiente, el gobernador de Veracruz, Cuitl\u00e1huac Garc\u00eda Jim\u00e9nez, no pudo inaugurar el recinto destinado para los lobos marinos, que se pretend\u00eda tener disponible a partir de este 29 de febrero.<\/p>\n\n\n\n<p>Cabe recordar que, se anunci\u00f3 con &#8220;bombo y platillo&#8221; e incluso, con espectaculares en la zona conurbada de Veracruz y Boca del R\u00edo, la apertura del espacio para los lobos marinos en el Aquarium de Veracruz este 29 de febrero, justo el d\u00eda del cierre del sexto &#8220;Ambient\u00f3n&#8221; organizado por la Procuradur\u00eda de Medio Ambiente; sin embargo, todo se vino abajo por la falta de la documentaci\u00f3n adecuada.<\/p>\n\n\n\n<p>&#8220;Repito, tenemos que generar las condiciones legales, fundamentalmente con SEMARNAT, con PROFEPA, para que ellos hagan la visita, revisen las instalaciones, vean que todas las condiciones est\u00e1n adecuadas y despu\u00e9s de eso vamos a abrirlo al p\u00fablico (\u2026) dependemos de ellos, de la autorizaci\u00f3n de ellos, porque ellos son los que revisan todas las condiciones de, se llama bienestar animal, y una vez que tengamos esas condiciones podr\u00edamos nosotros ya permitir que el p\u00fablico los observe&#8221;, dijo Sergio Rodr\u00edguez Cort\u00e9s.<\/p>\n\n\n\n<p>Este jueves 29 de febrero con la visita ya agendada del gobernador, Cuitl\u00e1huac Garc\u00eda Jim\u00e9nez, solo se realiz\u00f3 un recorrido de supervisi\u00f3n, donde el Ejecutivo Estatal termin\u00f3 justificando lo sucedido, argumentando que los avances de la obra est\u00e1n en un 85 por ciento, y que se pretende tener todo listo para las visitas del p\u00fablico el pr\u00f3ximo 30 de abril, D\u00eda del Ni\u00f1o.<\/p>\n\n\n\n<p>&#8220;Tambi\u00e9n decirles que la zona de las nuevas especies y de las nuevas \u00e1reas lleva el 85 por ciento de avance, es lo que pudimos ahorita supervisar, que va bastante bien y que esperamos salga pronto, \u00bfesa cu\u00e1ndo estar\u00eda? (voltea y pregunta a Sergio Rodr\u00edguez). Bueno, pues ah\u00ed est\u00e1 el anuncio que se quiere inaugurar el d\u00eda 30 de abril, el D\u00eda del Ni\u00f1o, las nuevas \u00e1reas, abril va a ser un mes espectacular para el Aquarium del Puerto de Veracruz&#8221;, culmin\u00f3 el gobernador.<\/p>\n","protected":false},"excerpt":{"rendered":"<p>Alejandro \u00c1vila Veracruz, Ver.- Por falta de permisos federales con los que a\u00fan no cuenta la Procuradur\u00eda de Medio Ambiente, el gobernador de Veracruz, Cuitl\u00e1huac Garc\u00eda Jim\u00e9nez, no pudo inaugurar el recinto destinado para los lobos marinos, que se pretend\u00eda tener disponible a partir de este 29 de febrero. Cabe recordar que, se anunci\u00f3 con [&hellip;]<\/p>\n","protected":false},"author":2476,"featured_media":51248,"comment_status":"open","ping_status":"open","sticky":false,"template":"","format":"standard","meta":{"_jetpack_memberships_contains_paid_content":false,"footnotes":""},"categories":[2],"tags":[],"class_list":["post-51247","post","type-post","status-publish","format-standard","has-post-thumbnail","hentry","category-estado"],"jetpack_featured_media_url":"https:\/\/encuentroinformativo.com.mx\/wp-content\/uploads\/2024\/02\/IMG-20240229-WA0087.jpg","jetpack_sharing_enabled":true,"jetpack_likes_enabled":true,"amp_enabled":true,"_links":{"self":[{"href":"https:\/\/encuentroinformativo.com.mx\/index.php?rest_route=\/wp\/v2\/posts\/51247","targetHints":{"allow":["GET"]}}],"collection":[{"href":"https:\/\/encuentroinformativo.com.mx\/index.php?rest_route=\/wp\/v2\/posts"}],"about":[{"href":"https:\/\/encuentroinformativo.com.mx\/index.php?rest_route=\/wp\/v2\/types\/post"}],"author":[{"embeddable":true,"href":"https:\/\/encuentroinformativo.com.mx\/index.php?rest_route=\/wp\/v2\/users\/2476"}],"replies":[{"embeddable":true,"href":"https:\/\/encuentroinformativo.com.mx\/index.php?rest_route=%2Fwp%2Fv2%2Fcomments&post=51247"}],"version-history":[{"count":1,"href":"https:\/\/encuentroinformativo.com.mx\/index.php?rest_route=\/wp\/v2\/posts\/51247\/revisions"}],"predecessor-version":[{"id":51249,"href":"https:\/\/encuentroinformativo.com.mx\/index.php?rest_route=\/wp\/v2\/posts\/51247\/revisions\/51249"}],"wp:featuredmedia":[{"embeddable":true,"href":"https:\/\/encuentroinformativo.com.mx\/index.php?rest_route=\/wp\/v2\/media\/51248"}],"wp:attachment":[{"href":"https:\/\/encuentroinformativo.com.mx\/index.php?rest_route=%2Fwp%2Fv2%2Fmedia&parent=51247"}],"wp:term":[{"taxonomy":"category","embeddable":true,"href":"https:\/\/encuentroinformativo.com.mx\/index.php?rest_route=%2Fwp%2Fv2%2Fcategories&post=51247"},{"taxonomy":"post_tag","embeddable":true,"href":"https:\/\/encuentroinformativo.com.mx\/index.php?rest_route=%2Fwp%2Fv2%2Ftags&post=51247"}],"curies":[{"name":"wp","href":"https:\/\/api.w.org\/{rel}","templated":true}]}}