{"id":51253,"date":"2024-02-29T15:12:27","date_gmt":"2024-02-29T21:12:27","guid":{"rendered":"https:\/\/encuentroinformativo.com.mx\/?p=51253"},"modified":"2024-02-29T15:12:33","modified_gmt":"2024-02-29T21:12:33","slug":"anuncian-3-artistas-de-carnaval-de-veracruz","status":"publish","type":"post","link":"https:\/\/encuentroinformativo.com.mx\/?p=51253","title":{"rendered":"Anuncian 3 artistas de Carnaval de Veracruz"},"content":{"rendered":"\n<p><strong>Alejandro \u00c1vila<\/strong><\/p>\n\n\n\n<p>Veracruz, Ver.- La alcaldesa, Patricia Lobeira Rodr\u00edguez, anunci\u00f3 este jueves 29 de febrero, a tres de los cinco artistas que estar\u00e1n present\u00e1ndose en los conciertos masivos del Carnaval de Veracruz.<\/p>\n\n\n\n<p>El jueves 27 de junio, se presentar\u00e1 la agrupaci\u00f3n Matute; s\u00e1bado 29 de junio, el reguetonero, Wisin; mientras que el domingo 30 de junio, el vallenayo colombiano de, Carlos Vives.&nbsp;<\/p>\n\n\n\n<p>La presidenta municipal mencion\u00f3 que en pr\u00f3ximas fechas se dar\u00e1 a conocer el artista sorpresa del viernes 28 de junio&nbsp; y el grupo que ser\u00e1 telonero del puertorrique\u00f1o, Wisin, el s\u00e1bado 29 de junio.<\/p>\n\n\n\n<p>&#8220;Ya tenemos los dos artistas de sorpresa pero estamos en febrero, termina hoy febrero, pero estamos muy temprano ya diciendo la cartelera, quisimos dejar un factor sorpresa, que ser\u00eda el artista del viernes, que ser\u00eda el anuncio del Rey del Carnaval, y el s\u00e1bado qui\u00e9n es el artista que va a abrir el concierto de Wisin. Dejamos esas tres sorpresas para irlas diciendo en marzo, abril, mayo, para que cuando lleguemos al Carnaval ya ustedes tengan toda la informaci\u00f3n, pero ahorita estamos en febrero, por temas de veda electoral estamos haciendo los anuncios anticipadamente&#8221;, puntualiz\u00f3.<\/p>\n\n\n\n<p>Al respecto del Rey de Carnaval, dijo que la ciudadan\u00eda puede tener la certeza de que es jarocho y es famoso, sin embargo, Paty Lobeira no quiso dar m\u00e1s avances sobre su identidad.<\/p>\n\n\n\n<p>&#8220;Vamos a dejar esas tres sorpresas para los meses que vienen, y que la gente puede estar al tanto del Carnaval, y le sugerimos que nos sigan ah\u00ed a trav\u00e9s de las redes sociales, ahorita viene la veda, pero los anuncios de Carnaval s\u00ed se van a poder hacer&#8221;, culmin\u00f3.<\/p>\n","protected":false},"excerpt":{"rendered":"<p>Alejandro \u00c1vila Veracruz, Ver.- La alcaldesa, Patricia Lobeira Rodr\u00edguez, anunci\u00f3 este jueves 29 de febrero, a tres de los cinco artistas que estar\u00e1n present\u00e1ndose en los conciertos masivos del Carnaval de Veracruz. El jueves 27 de junio, se presentar\u00e1 la agrupaci\u00f3n Matute; s\u00e1bado 29 de junio, el reguetonero, Wisin; mientras que el domingo 30 de [&hellip;]<\/p>\n","protected":false},"author":2476,"featured_media":51254,"comment_status":"open","ping_status":"open","sticky":false,"template":"","format":"standard","meta":{"_jetpack_memberships_contains_paid_content":false,"footnotes":""},"categories":[2],"tags":[],"class_list":["post-51253","post","type-post","status-publish","format-standard","has-post-thumbnail","hentry","category-estado"],"jetpack_featured_media_url":"https:\/\/encuentroinformativo.com.mx\/wp-content\/uploads\/2024\/02\/IMG-20240229-WA01312.jpg","jetpack_sharing_enabled":true,"jetpack_likes_enabled":true,"amp_enabled":true,"_links":{"self":[{"href":"https:\/\/encuentroinformativo.com.mx\/index.php?rest_route=\/wp\/v2\/posts\/51253","targetHints":{"allow":["GET"]}}],"collection":[{"href":"https:\/\/encuentroinformativo.com.mx\/index.php?rest_route=\/wp\/v2\/posts"}],"about":[{"href":"https:\/\/encuentroinformativo.com.mx\/index.php?rest_route=\/wp\/v2\/types\/post"}],"author":[{"embeddable":true,"href":"https:\/\/encuentroinformativo.com.mx\/index.php?rest_route=\/wp\/v2\/users\/2476"}],"replies":[{"embeddable":true,"href":"https:\/\/encuentroinformativo.com.mx\/index.php?rest_route=%2Fwp%2Fv2%2Fcomments&post=51253"}],"version-history":[{"count":1,"href":"https:\/\/encuentroinformativo.com.mx\/index.php?rest_route=\/wp\/v2\/posts\/51253\/revisions"}],"predecessor-version":[{"id":51255,"href":"https:\/\/encuentroinformativo.com.mx\/index.php?rest_route=\/wp\/v2\/posts\/51253\/revisions\/51255"}],"wp:featuredmedia":[{"embeddable":true,"href":"https:\/\/encuentroinformativo.com.mx\/index.php?rest_route=\/wp\/v2\/media\/51254"}],"wp:attachment":[{"href":"https:\/\/encuentroinformativo.com.mx\/index.php?rest_route=%2Fwp%2Fv2%2Fmedia&parent=51253"}],"wp:term":[{"taxonomy":"category","embeddable":true,"href":"https:\/\/encuentroinformativo.com.mx\/index.php?rest_route=%2Fwp%2Fv2%2Fcategories&post=51253"},{"taxonomy":"post_tag","embeddable":true,"href":"https:\/\/encuentroinformativo.com.mx\/index.php?rest_route=%2Fwp%2Fv2%2Ftags&post=51253"}],"curies":[{"name":"wp","href":"https:\/\/api.w.org\/{rel}","templated":true}]}}