{"id":51259,"date":"2024-02-29T15:26:03","date_gmt":"2024-02-29T21:26:03","guid":{"rendered":"https:\/\/encuentroinformativo.com.mx\/?p=51259"},"modified":"2024-02-29T15:26:12","modified_gmt":"2024-02-29T21:26:12","slug":"presenta-alcalde-ahued-proyecto-integral-para-zona-de-los-sauces","status":"publish","type":"post","link":"https:\/\/encuentroinformativo.com.mx\/?p=51259","title":{"rendered":"Presenta Alcalde Ahued proyecto integral para zona de Los Sauces"},"content":{"rendered":"\n<p><strong>*Corredor Urbano de Usos Mixtos solucionar\u00e1 problemas de movilidad e infraestructura.<\/strong><\/p>\n\n\n\n<p>Xalapa, Ver.- En respuesta a la petici\u00f3n de la ciudadan\u00eda que demanda la mejora del entorno urbano y una movilidad eficiente en la zona de Los Sauces, el alcalde Ricardo Ahued Bardahuil present\u00f3 el proyecto integral \u201cCorredor Urbano de Usos Mixtos Ignacio de la Llave-Sauces-Vel\u00f3dromo\u201d.<\/p>\n\n\n\n<p>Acompa\u00f1ado por el director de Desarrollo Urbano, Jos\u00e9 Miguel Torres Ch\u00e1zaro, el Edil explic\u00f3 que la obra considera la intervenci\u00f3n de 3.12 kil\u00f3metros para mejorar aspectos comerciales, de servicios y de equipamiento urbano, adem\u00e1s de que se generar\u00e1 una soluci\u00f3n a los nodos viales, brindar\u00e1 seguridad vial y reducir\u00e1 el riesgo de tr\u00e1nsito peatonal.<\/p>\n\n\n\n<p>El proyecto elaborado por la Subdirecci\u00f3n de Planeaci\u00f3n contempla la reubicaci\u00f3n de paradas de autob\u00fas, pasos peatonales, mobiliario urbano, jardiner\u00eda, iluminaci\u00f3n, concretos e infraestructura hidr\u00e1ulica y sanitaria.<\/p>\n\n\n\n<p>La obra tambi\u00e9n proyecta la intervenci\u00f3n de la calle Mora Beristain, que comunica la zona de Los Sauces con la antigua carretera a Coatepec, as\u00ed como la glorieta Jos\u00e9 Mar\u00eda Morelos y Pav\u00f3n y el mural \u201cEl H\u00e9roe de Nacozari\u201d.<\/p>\n\n\n\n<p>El alcalde Ricardo Ahued expuso que el objetivo es cumplir con los procesos normativos y administrativos e iniciar la primera etapa de este proyecto este mismo a\u00f1o, previa aprobaci\u00f3n de los integrantes del Cabildo y del Consejo de Desarrollo Municipal para definir las fuentes de inversi\u00f3n que garanticen el desarrollo de la obra.<\/p>\n\n\n\n<p>Con este proyecto, concluy\u00f3, se mejorar\u00e1 el entorno urbano, la carencia de infraestructura y el deterioro en pavimentos y banquetas que se tiene en este punto de la ciudad.<\/p>\n\n\n\n<figure class=\"wp-block-image size-large\"><img loading=\"lazy\" decoding=\"async\" width=\"960\" height=\"535\" src=\"https:\/\/encuentroinformativo.com.mx\/wp-content\/uploads\/2024\/02\/IMG-20240229-WA0064.jpg\" alt=\"\" class=\"wp-image-51261\" srcset=\"https:\/\/encuentroinformativo.com.mx\/wp-content\/uploads\/2024\/02\/IMG-20240229-WA0064.jpg 960w, https:\/\/encuentroinformativo.com.mx\/wp-content\/uploads\/2024\/02\/IMG-20240229-WA0064-300x167.jpg 300w, https:\/\/encuentroinformativo.com.mx\/wp-content\/uploads\/2024\/02\/IMG-20240229-WA0064-768x428.jpg 768w\" sizes=\"auto, (max-width: 960px) 100vw, 960px\" \/><\/figure>\n","protected":false},"excerpt":{"rendered":"<p>*Corredor Urbano de Usos Mixtos solucionar\u00e1 problemas de movilidad e infraestructura. Xalapa, Ver.- En respuesta a la petici\u00f3n de la ciudadan\u00eda que demanda la mejora del entorno urbano y una movilidad eficiente en la zona de Los Sauces, el alcalde Ricardo Ahued Bardahuil present\u00f3 el proyecto integral \u201cCorredor Urbano de Usos Mixtos Ignacio de la [&hellip;]<\/p>\n","protected":false},"author":2476,"featured_media":51260,"comment_status":"open","ping_status":"open","sticky":false,"template":"","format":"standard","meta":{"_jetpack_memberships_contains_paid_content":false,"footnotes":""},"categories":[3],"tags":[],"class_list":["post-51259","post","type-post","status-publish","format-standard","has-post-thumbnail","hentry","category-xalapa"],"jetpack_featured_media_url":"https:\/\/encuentroinformativo.com.mx\/wp-content\/uploads\/2024\/02\/IMG-20240229-WA0062.jpg","jetpack_sharing_enabled":true,"jetpack_likes_enabled":true,"amp_enabled":true,"_links":{"self":[{"href":"https:\/\/encuentroinformativo.com.mx\/index.php?rest_route=\/wp\/v2\/posts\/51259","targetHints":{"allow":["GET"]}}],"collection":[{"href":"https:\/\/encuentroinformativo.com.mx\/index.php?rest_route=\/wp\/v2\/posts"}],"about":[{"href":"https:\/\/encuentroinformativo.com.mx\/index.php?rest_route=\/wp\/v2\/types\/post"}],"author":[{"embeddable":true,"href":"https:\/\/encuentroinformativo.com.mx\/index.php?rest_route=\/wp\/v2\/users\/2476"}],"replies":[{"embeddable":true,"href":"https:\/\/encuentroinformativo.com.mx\/index.php?rest_route=%2Fwp%2Fv2%2Fcomments&post=51259"}],"version-history":[{"count":1,"href":"https:\/\/encuentroinformativo.com.mx\/index.php?rest_route=\/wp\/v2\/posts\/51259\/revisions"}],"predecessor-version":[{"id":51262,"href":"https:\/\/encuentroinformativo.com.mx\/index.php?rest_route=\/wp\/v2\/posts\/51259\/revisions\/51262"}],"wp:featuredmedia":[{"embeddable":true,"href":"https:\/\/encuentroinformativo.com.mx\/index.php?rest_route=\/wp\/v2\/media\/51260"}],"wp:attachment":[{"href":"https:\/\/encuentroinformativo.com.mx\/index.php?rest_route=%2Fwp%2Fv2%2Fmedia&parent=51259"}],"wp:term":[{"taxonomy":"category","embeddable":true,"href":"https:\/\/encuentroinformativo.com.mx\/index.php?rest_route=%2Fwp%2Fv2%2Fcategories&post=51259"},{"taxonomy":"post_tag","embeddable":true,"href":"https:\/\/encuentroinformativo.com.mx\/index.php?rest_route=%2Fwp%2Fv2%2Ftags&post=51259"}],"curies":[{"name":"wp","href":"https:\/\/api.w.org\/{rel}","templated":true}]}}