{"id":51270,"date":"2024-03-01T09:37:54","date_gmt":"2024-03-01T15:37:54","guid":{"rendered":"https:\/\/encuentroinformativo.com.mx\/?p=51270"},"modified":"2024-03-11T21:41:32","modified_gmt":"2024-03-12T03:41:32","slug":"ine-no-es-responsable-de-focos-rojos-en-elecciones-josue-cervantes","status":"publish","type":"post","link":"https:\/\/encuentroinformativo.com.mx\/?p=51270","title":{"rendered":"INE no es responsable de \u201cfocos rojos\u201d en elecciones: Josu\u00e9 Cervantes"},"content":{"rendered":"\n<figure class=\"wp-block-embed-youtube wp-block-embed is-type-video is-provider-youtube wp-embed-aspect-16-9 wp-has-aspect-ratio\"><div class=\"wp-block-embed__wrapper\">\n<div class=\"jetpack-video-wrapper\"><iframe loading=\"lazy\" title=\"INE no es responsable de \u201cfocos rojos\u201d en elecciones: Josu\u00e9 Cervantes\" width=\"640\" height=\"360\" src=\"https:\/\/www.youtube.com\/embed\/I6w9D8qtSkg?feature=oembed\" frameborder=\"0\" allow=\"accelerometer; autoplay; clipboard-write; encrypted-media; gyroscope; picture-in-picture; web-share\" referrerpolicy=\"strict-origin-when-cross-origin\" allowfullscreen><\/iframe><\/div>\n<\/div><\/figure>\n\n\n\n<p><strong>Elisa Aburto <\/strong><\/p>\n\n\n\n<p>Xalapa, Ver.- El Instituto Nacional Electoral (INE) no es la autoridad responsable de conocer si existen zonas que se puedan considerar como \u201cfocos rojos\u201d durante el proceso electoral, as\u00ed lo se\u00f1al\u00f3 Josu\u00e9 Cervantes Mart\u00ednez, Vocal Ejecutivo de la Junta Local del INE en Veracruz.<\/p>\n\n\n\n<p>En entrevista con <strong>Encuentro Informativo<\/strong> se\u00f1al\u00f3: \u201cEl INE no construye esos mapas de riesgo ni esos focos rojos, yo no digo que los haya, ni tampoco digo que no los haya; es que hay una autoridad competente la que debiera conocerlo, incluso si no los hay debiera saberlo y son las distintas \u00e1reas que brindan seguridad al pa\u00eds\u201d.<\/p>\n\n\n\n<p>Por lo que record\u00f3 que a nivel federal son estancias como la Guardia Nacional y la Marina las autoridades responsables de garantizar la seguridad en estas jornadas, mientras que en el caso del estado la responsabilidad es de la Secretar\u00eda de Seguridad P\u00fablica y las corporaciones que forman parte de la misma. &nbsp;<\/p>\n\n\n\n<p>\u201cEn el \u00e1mbito local, el estado de Veracruz tenemos la Secretar\u00eda de Seguridad P\u00fablica con las corporaciones que coordinan\u201d.<\/p>\n\n\n\n<p>Ante ello Cervantes Mart\u00ednez dijo que la parte que le corresponde al instituto electoral es la de brindarles informaci\u00f3n sobre la log\u00edstica y el modo de operaci\u00f3n para que puedan identificar de manera f\u00e1cil a las personas que est\u00e1n trabajando como capacitadores o supervisores del INE para que les brinden el auxilio que puedan requerir.<\/p>\n\n\n\n<p>Para concluir el representante del INE en Veracruz, dijo confiar que en breve las autoridades estatales le permitan tanto a los representantes del INE como del Organismo P\u00fablico Local Electoral (OPLE) participar en las mesas de seguridad.<\/p>\n\n\n\n<p>\u201cYo por eso estoy a la espera de que una vez que su agenda lo permita invite al OPLE e invite al de la voz en las mesas de construcci\u00f3n de la paz, mesas de seguridad para poder plantear cuales son nuestras necesidades, cuales son nuestros requerimientos, c\u00f3mo estamos operando para que nos den el apoyo\u201d, puntualiz\u00f3.<\/p>\n","protected":false},"excerpt":{"rendered":"<p>Elisa Aburto Xalapa, Ver.- El Instituto Nacional Electoral (INE) no es la autoridad responsable de conocer si existen zonas que se puedan considerar como \u201cfocos rojos\u201d durante el proceso electoral, as\u00ed lo se\u00f1al\u00f3 Josu\u00e9 Cervantes Mart\u00ednez, Vocal Ejecutivo de la Junta Local del INE en Veracruz. En entrevista con Encuentro Informativo se\u00f1al\u00f3: \u201cEl INE no [&hellip;]<\/p>\n","protected":false},"author":2476,"featured_media":50939,"comment_status":"open","ping_status":"open","sticky":false,"template":"","format":"standard","meta":{"_jetpack_memberships_contains_paid_content":false,"footnotes":""},"categories":[10,2],"tags":[],"class_list":["post-51270","post","type-post","status-publish","format-standard","has-post-thumbnail","hentry","category-entrevistas","category-estado"],"jetpack_featured_media_url":"https:\/\/encuentroinformativo.com.mx\/wp-content\/uploads\/2024\/02\/Photo_1708584613752.jpg","jetpack_sharing_enabled":true,"jetpack_likes_enabled":true,"amp_enabled":true,"_links":{"self":[{"href":"https:\/\/encuentroinformativo.com.mx\/index.php?rest_route=\/wp\/v2\/posts\/51270","targetHints":{"allow":["GET"]}}],"collection":[{"href":"https:\/\/encuentroinformativo.com.mx\/index.php?rest_route=\/wp\/v2\/posts"}],"about":[{"href":"https:\/\/encuentroinformativo.com.mx\/index.php?rest_route=\/wp\/v2\/types\/post"}],"author":[{"embeddable":true,"href":"https:\/\/encuentroinformativo.com.mx\/index.php?rest_route=\/wp\/v2\/users\/2476"}],"replies":[{"embeddable":true,"href":"https:\/\/encuentroinformativo.com.mx\/index.php?rest_route=%2Fwp%2Fv2%2Fcomments&post=51270"}],"version-history":[{"count":3,"href":"https:\/\/encuentroinformativo.com.mx\/index.php?rest_route=\/wp\/v2\/posts\/51270\/revisions"}],"predecessor-version":[{"id":51816,"href":"https:\/\/encuentroinformativo.com.mx\/index.php?rest_route=\/wp\/v2\/posts\/51270\/revisions\/51816"}],"wp:featuredmedia":[{"embeddable":true,"href":"https:\/\/encuentroinformativo.com.mx\/index.php?rest_route=\/wp\/v2\/media\/50939"}],"wp:attachment":[{"href":"https:\/\/encuentroinformativo.com.mx\/index.php?rest_route=%2Fwp%2Fv2%2Fmedia&parent=51270"}],"wp:term":[{"taxonomy":"category","embeddable":true,"href":"https:\/\/encuentroinformativo.com.mx\/index.php?rest_route=%2Fwp%2Fv2%2Fcategories&post=51270"},{"taxonomy":"post_tag","embeddable":true,"href":"https:\/\/encuentroinformativo.com.mx\/index.php?rest_route=%2Fwp%2Fv2%2Ftags&post=51270"}],"curies":[{"name":"wp","href":"https:\/\/api.w.org\/{rel}","templated":true}]}}