{"id":51274,"date":"2024-03-01T11:42:57","date_gmt":"2024-03-01T17:42:57","guid":{"rendered":"https:\/\/encuentroinformativo.com.mx\/?p=51274"},"modified":"2024-03-01T11:43:12","modified_gmt":"2024-03-01T17:43:12","slug":"en-la-curul-estaran-todos-los-xalapenos-americo-zuniga","status":"publish","type":"post","link":"https:\/\/encuentroinformativo.com.mx\/?p=51274","title":{"rendered":"En la curul estar\u00e1n todos los xalape\u00f1os: Am\u00e9rico Z\u00fa\u00f1iga"},"content":{"rendered":"\n<p>Xalapa, Ver.- El candidato de la coalici\u00f3n &#8220;Fuerza y Coraz\u00f3n por Veracruz&#8221; a la diputaci\u00f3n federal por Xalapa, Am\u00e9rico Z\u00fa\u00f1iga Mart\u00ednez fustig\u00f3 que la representaci\u00f3n del distrito en el Congreso de la Uni\u00f3n se encuentra abandonada desde hace m\u00e1s de cinco a\u00f1os.<\/p>\n\n\n\n<p>&#8220;A nivel federal en San L\u00e1zaro, durante m\u00e1s de cinco a\u00f1os, la curul ha estado vac\u00eda, hemos tenido el espacio para defender las causas, hemos tenido el lugar donde se levanta la voz, en donde se enarbolan las banderas de demandas de la sociedad, de falta de educaci\u00f3n, de una nula pol\u00edtica p\u00fablica en favor del campo, de una aut\u00e9ntica pol\u00edtica p\u00fablica de apoyo a la salud y eso tiene que cambiar&#8221;, expuso el abanderado.<\/p>\n\n\n\n<p>Al indicar que todas y todos los xalape\u00f1os deben ocupar esa curul, Am\u00e9rico Z\u00fa\u00f1iga Mart\u00ednez, advirti\u00f3 que Xalapa carece de muchas cosas, &#8220;hoy m\u00e1s que nunca estamos careciendo de seguridad, estamos empezando a tener una crisis important\u00edsima de agua, de abasto h\u00eddrico&#8221;.<\/p>\n\n\n\n<p>El candidato present\u00f3 ante los medios de comunicaci\u00f3n la representaci\u00f3n de una curul y destac\u00f3 que se debe reactivar para atender las demandas y necesidades de los xalape\u00f1os.<\/p>\n\n\n\n<p>&#8220;De las mujeres, las personas con discapacidad, los adultos mayores, la clase trabajadora, los empresarios, los emprendedores, que puedan utilizarla, que puedan sentirse representados y que sirva realmente para levantar la voz en favor de todos ellos&#8221;, expuso Z\u00fa\u00f1iga Mart\u00ednez.<\/p>\n\n\n\n<p>Detall\u00f3 que su campa\u00f1a ser\u00e1 de ideas y de propuestas en cada rinc\u00f3n de Xalapa, en cada colonia, en cada unidad habitacional, &#8220;que la gente contraste el trabajo que se ha hecho. Tenemos que sacar a estos se\u00f1ores, afortunadamente ya se van y lo vamos a hacer entre todos, porque no supieron responderle al pueblo, la gente lo tiene muy claro&#8221;.<\/p>\n\n\n\n<p>Finalmente, Am\u00e9rico Z\u00fa\u00f1iga invit\u00f3 a los xalape\u00f1os a que reflexionen su voto no solo para la diputaci\u00f3n federal, sino tambi\u00e9n para el Senado y para la presidencia del pa\u00eds.<\/p>\n","protected":false},"excerpt":{"rendered":"<p>Xalapa, Ver.- El candidato de la coalici\u00f3n &#8220;Fuerza y Coraz\u00f3n por Veracruz&#8221; a la diputaci\u00f3n federal por Xalapa, Am\u00e9rico Z\u00fa\u00f1iga Mart\u00ednez fustig\u00f3 que la representaci\u00f3n del distrito en el Congreso de la Uni\u00f3n se encuentra abandonada desde hace m\u00e1s de cinco a\u00f1os. &#8220;A nivel federal en San L\u00e1zaro, durante m\u00e1s de cinco a\u00f1os, la curul [&hellip;]<\/p>\n","protected":false},"author":2476,"featured_media":51275,"comment_status":"open","ping_status":"open","sticky":false,"template":"","format":"standard","meta":{"_jetpack_memberships_contains_paid_content":false,"footnotes":""},"categories":[3],"tags":[],"class_list":["post-51274","post","type-post","status-publish","format-standard","has-post-thumbnail","hentry","category-xalapa"],"jetpack_featured_media_url":"https:\/\/encuentroinformativo.com.mx\/wp-content\/uploads\/2024\/03\/IMG-20240301-WA0052.jpg","jetpack_sharing_enabled":true,"jetpack_likes_enabled":true,"amp_enabled":true,"_links":{"self":[{"href":"https:\/\/encuentroinformativo.com.mx\/index.php?rest_route=\/wp\/v2\/posts\/51274","targetHints":{"allow":["GET"]}}],"collection":[{"href":"https:\/\/encuentroinformativo.com.mx\/index.php?rest_route=\/wp\/v2\/posts"}],"about":[{"href":"https:\/\/encuentroinformativo.com.mx\/index.php?rest_route=\/wp\/v2\/types\/post"}],"author":[{"embeddable":true,"href":"https:\/\/encuentroinformativo.com.mx\/index.php?rest_route=\/wp\/v2\/users\/2476"}],"replies":[{"embeddable":true,"href":"https:\/\/encuentroinformativo.com.mx\/index.php?rest_route=%2Fwp%2Fv2%2Fcomments&post=51274"}],"version-history":[{"count":1,"href":"https:\/\/encuentroinformativo.com.mx\/index.php?rest_route=\/wp\/v2\/posts\/51274\/revisions"}],"predecessor-version":[{"id":51276,"href":"https:\/\/encuentroinformativo.com.mx\/index.php?rest_route=\/wp\/v2\/posts\/51274\/revisions\/51276"}],"wp:featuredmedia":[{"embeddable":true,"href":"https:\/\/encuentroinformativo.com.mx\/index.php?rest_route=\/wp\/v2\/media\/51275"}],"wp:attachment":[{"href":"https:\/\/encuentroinformativo.com.mx\/index.php?rest_route=%2Fwp%2Fv2%2Fmedia&parent=51274"}],"wp:term":[{"taxonomy":"category","embeddable":true,"href":"https:\/\/encuentroinformativo.com.mx\/index.php?rest_route=%2Fwp%2Fv2%2Fcategories&post=51274"},{"taxonomy":"post_tag","embeddable":true,"href":"https:\/\/encuentroinformativo.com.mx\/index.php?rest_route=%2Fwp%2Fv2%2Ftags&post=51274"}],"curies":[{"name":"wp","href":"https:\/\/api.w.org\/{rel}","templated":true}]}}