{"id":51277,"date":"2024-03-01T13:18:24","date_gmt":"2024-03-01T19:18:24","guid":{"rendered":"https:\/\/encuentroinformativo.com.mx\/?p=51277"},"modified":"2024-03-01T13:18:31","modified_gmt":"2024-03-01T19:18:31","slug":"hay-condiciones-en-arranque-de-campanas-federales-yahir-ademar","status":"publish","type":"post","link":"https:\/\/encuentroinformativo.com.mx\/?p=51277","title":{"rendered":"Hay condiciones en arranque de campa\u00f1as federales: Yahir Ademar"},"content":{"rendered":"\n<p><strong>Dar\u00edo Pale <\/strong><\/p>\n\n\n\n<p>Xalapa, Ver.- Hay condiciones para que se desarrollen las campa\u00f1as en los 19 distritos electorales federales, &#8220;sin ning\u00fan inconveniente&#8221;, esto ante el arranque oficial del periodo de campa\u00f1as, as\u00ed lo se\u00f1al\u00f3 el subsecretario de Gobierno, Yahir Ademar Dom\u00ednguez,<\/p>\n\n\n\n<p>En entrevista, record\u00f3 que a partir de este momento inicia la veda electoral y en ese sentido, asegur\u00f3 que ser\u00e1n respetuosos para no incurrir en alguna ilegalidad.<\/p>\n\n\n\n<p>Respecto de la seguridad, el funcionario asegur\u00f3 que el Gobierno est\u00e1 trabajando en coordinaci\u00f3n con los \u00f3rganos electorales local y federal para que se puedan desarrollar las campa\u00f1as con civilidad y normalidad.<\/p>\n\n\n\n<p>Ademar Dom\u00ednguez record\u00f3 que los servidores p\u00fablicos se capacitaron para saber qu\u00e9 es lo que pueden y no pueden hacer por la veda electoral.<\/p>\n\n\n\n<p>&#8220;El llamado es a que todos los servidores p\u00fablicos de gobierno del Estado, agendamos estas indicaciones y cumplamos la normativa, respetando la no intromisi\u00f3n y la no injerencia de todos los que somos servidores p\u00fablicos&#8221;, subray\u00f3.<\/p>\n\n\n\n<p>Entrevistado en relaci\u00f3n a las expresiones del exgobernador Miguel \u00c1ngel Yunes Linares, respondi\u00f3 que emiti\u00f3 una opini\u00f3n este jueves, cuando todav\u00eda no era veda, pero hoy ya se mantendr\u00e1 al margen de todo tema electoral.<\/p>\n\n\n\n<p>&#8220;No nos vamos a estancar en cuestiones pol\u00edtico-electorales&#8221;, asever\u00f3.<\/p>\n\n\n\n<p>En otro tema, reconoci\u00f3 que hubo tres bloqueos en la sierra de Zongolica por temas de obras p\u00fablicas.<\/p>\n\n\n\n<p>En ese sentido, adelant\u00f3 que ya hicieron los requerimientos a la Secretar\u00eda de Infraestructura y Obras P\u00fablicas.<\/p>\n\n\n\n<p>Por lo que se liberados dos caminos ayer por la tarde-noche y hoy por la ma\u00f1ana ya fue liberado el otro.<\/p>\n\n\n\n<p>El subsecretario refiri\u00f3 que hace tres semanas ocurri\u00f3 un derrumbe en la zona centro del Estado que lamentablemente dej\u00f3 incomunicadas a 3 mil personas de tres comunidades de Mixtla de Altamirano.<\/p>\n\n\n\n<p>Por \u00faltimo se\u00f1al\u00f3 que la semana pasada personal de la Secretar\u00eda de Protecci\u00f3n Civil estuvo all\u00e1 la semana pasada, as\u00ed como SIOP, para hacer un levantamiento y saber qu\u00e9 van a hacer.<\/p>\n","protected":false},"excerpt":{"rendered":"<p>Dar\u00edo Pale Xalapa, Ver.- Hay condiciones para que se desarrollen las campa\u00f1as en los 19 distritos electorales federales, &#8220;sin ning\u00fan inconveniente&#8221;, esto ante el arranque oficial del periodo de campa\u00f1as, as\u00ed lo se\u00f1al\u00f3 el subsecretario de Gobierno, Yahir Ademar Dom\u00ednguez, En entrevista, record\u00f3 que a partir de este momento inicia la veda electoral y en [&hellip;]<\/p>\n","protected":false},"author":2476,"featured_media":51278,"comment_status":"open","ping_status":"open","sticky":false,"template":"","format":"standard","meta":{"_jetpack_memberships_contains_paid_content":false,"footnotes":""},"categories":[2],"tags":[],"class_list":["post-51277","post","type-post","status-publish","format-standard","has-post-thumbnail","hentry","category-estado"],"jetpack_featured_media_url":"https:\/\/encuentroinformativo.com.mx\/wp-content\/uploads\/2024\/03\/IMG-20240301-WA0075.jpg","jetpack_sharing_enabled":true,"jetpack_likes_enabled":true,"amp_enabled":true,"_links":{"self":[{"href":"https:\/\/encuentroinformativo.com.mx\/index.php?rest_route=\/wp\/v2\/posts\/51277","targetHints":{"allow":["GET"]}}],"collection":[{"href":"https:\/\/encuentroinformativo.com.mx\/index.php?rest_route=\/wp\/v2\/posts"}],"about":[{"href":"https:\/\/encuentroinformativo.com.mx\/index.php?rest_route=\/wp\/v2\/types\/post"}],"author":[{"embeddable":true,"href":"https:\/\/encuentroinformativo.com.mx\/index.php?rest_route=\/wp\/v2\/users\/2476"}],"replies":[{"embeddable":true,"href":"https:\/\/encuentroinformativo.com.mx\/index.php?rest_route=%2Fwp%2Fv2%2Fcomments&post=51277"}],"version-history":[{"count":1,"href":"https:\/\/encuentroinformativo.com.mx\/index.php?rest_route=\/wp\/v2\/posts\/51277\/revisions"}],"predecessor-version":[{"id":51279,"href":"https:\/\/encuentroinformativo.com.mx\/index.php?rest_route=\/wp\/v2\/posts\/51277\/revisions\/51279"}],"wp:featuredmedia":[{"embeddable":true,"href":"https:\/\/encuentroinformativo.com.mx\/index.php?rest_route=\/wp\/v2\/media\/51278"}],"wp:attachment":[{"href":"https:\/\/encuentroinformativo.com.mx\/index.php?rest_route=%2Fwp%2Fv2%2Fmedia&parent=51277"}],"wp:term":[{"taxonomy":"category","embeddable":true,"href":"https:\/\/encuentroinformativo.com.mx\/index.php?rest_route=%2Fwp%2Fv2%2Fcategories&post=51277"},{"taxonomy":"post_tag","embeddable":true,"href":"https:\/\/encuentroinformativo.com.mx\/index.php?rest_route=%2Fwp%2Fv2%2Ftags&post=51277"}],"curies":[{"name":"wp","href":"https:\/\/api.w.org\/{rel}","templated":true}]}}