{"id":51284,"date":"2024-03-01T14:08:10","date_gmt":"2024-03-01T20:08:10","guid":{"rendered":"https:\/\/encuentroinformativo.com.mx\/?p=51284"},"modified":"2024-03-01T14:08:19","modified_gmt":"2024-03-01T20:08:19","slug":"fallecio-myriam-reportera-atropellada-en-veracruz-puerto","status":"publish","type":"post","link":"https:\/\/encuentroinformativo.com.mx\/?p=51284","title":{"rendered":"Falleci\u00f3 Myriam, reportera atropellada en Veracruz Puerto"},"content":{"rendered":"\n<p><strong>Juan Arcos <\/strong><\/p>\n\n\n\n<p>Xalapa, Ver.- La noche del jueves 29 de febrero el chofer de un autob\u00fas atropell\u00f3 a la reportera Myriam Serrano en el puerto de Veracruz y despu\u00e9s intent\u00f3 darse a la fuga, pero fue interceptado cuadras adelante por ciudadanos que presenciaron estos hechos. La v\u00edctima muri\u00f3 antes del mediod\u00eda de este viernes.<\/p>\n\n\n\n<p>De acuerdo con testigos, el chofer de la unidad de la ruta Lagos de Puente Moreno, identificado como Armando, de 54 a\u00f1os, invadi\u00f3 otro carril y arroll\u00f3 la joven que caminaba sobre las l\u00edneas peatonales de la avenida Salvador D\u00edaz Mir\u00f3n, esquina con la calle Paso y Troncoso.<\/p>\n\n\n\n<p>En lugar de auxiliarla, pis\u00f3 el acelerador del autob\u00fas para escapar, pero el conductor de una camioneta particular lo sigui\u00f3 hasta cerrarle el paso, unos metros antes de llegar a la intersecci\u00f3n de la Calle Agust\u00edn de Iturbide.<\/p>\n\n\n\n<p>Param\u00e9dicos de la Cruz Roja llegaron para brindarle los primeros auxilios a la comunicadora, quien fue trasladada al Hospital Regional de Alta Especialidad por fracturas m\u00faltiples.<\/p>\n\n\n\n<p>Agentes de la Polic\u00eda Naval y Estatal junto con personal de Tr\u00e1nsito y Vialidad municipal arribaron al lugar y, luego de una tardada intervenci\u00f3n, finalmente detuvieron al operador del cami\u00f3n de pasajeros, con n\u00famero econ\u00f3mico 1306.<\/p>\n\n\n\n<p>El presunto responsable fue puesto a disposici\u00f3n de la comandancia para deslindar su probable responsabilidad en estos hechos, mientras la unidad fue asegurada por las fuerzas del orden p\u00fablico.<\/p>\n\n\n\n<p>A las nueve de la ma\u00f1ana se report\u00f3 que Myriam continuaba en observaci\u00f3n m\u00e9dica. Le practicaron una cirug\u00eda en una grave herida que presenta en una pierna. La tomograf\u00eda sali\u00f3 sin da\u00f1os en el cr\u00e1neo o cerebro, pero ser\u00eda supervisado su progreso.<\/p>\n\n\n\n<p>En el t\u00f3rax no ten\u00eda signos de co\u00e1gulos que pusieran en riesgo su vida, pero faltaban m\u00e1s estudios por realizarle, por lo que seguir\u00eda en terapia intensiva.<\/p>\n\n\n\n<p>Los m\u00e9dicos indicaron que las pr\u00f3ximas 72 horas eran cruciales. Se esperaba una evoluci\u00f3n positiva en su estado de salud tras los medicamentos que le suministraron los especialistas.<\/p>\n\n\n\n<p>Sin embargo; antes del mediod\u00eda de este viernes primero de marzo, sus familiares y compa\u00f1eros reporteros confirmaron su deceso debido a la gravedad de las lesiones ocasionadas por el atropellamiento.<\/p>\n","protected":false},"excerpt":{"rendered":"<p>Juan Arcos Xalapa, Ver.- La noche del jueves 29 de febrero el chofer de un autob\u00fas atropell\u00f3 a la reportera Myriam Serrano en el puerto de Veracruz y despu\u00e9s intent\u00f3 darse a la fuga, pero fue interceptado cuadras adelante por ciudadanos que presenciaron estos hechos. La v\u00edctima muri\u00f3 antes del mediod\u00eda de este viernes. De [&hellip;]<\/p>\n","protected":false},"author":2476,"featured_media":51268,"comment_status":"open","ping_status":"open","sticky":false,"template":"","format":"standard","meta":{"_jetpack_memberships_contains_paid_content":false,"footnotes":""},"categories":[2],"tags":[],"class_list":["post-51284","post","type-post","status-publish","format-standard","has-post-thumbnail","hentry","category-estado"],"jetpack_featured_media_url":"https:\/\/encuentroinformativo.com.mx\/wp-content\/uploads\/2024\/03\/IMG-20240229-WA0194.jpg","jetpack_sharing_enabled":true,"jetpack_likes_enabled":true,"amp_enabled":true,"_links":{"self":[{"href":"https:\/\/encuentroinformativo.com.mx\/index.php?rest_route=\/wp\/v2\/posts\/51284","targetHints":{"allow":["GET"]}}],"collection":[{"href":"https:\/\/encuentroinformativo.com.mx\/index.php?rest_route=\/wp\/v2\/posts"}],"about":[{"href":"https:\/\/encuentroinformativo.com.mx\/index.php?rest_route=\/wp\/v2\/types\/post"}],"author":[{"embeddable":true,"href":"https:\/\/encuentroinformativo.com.mx\/index.php?rest_route=\/wp\/v2\/users\/2476"}],"replies":[{"embeddable":true,"href":"https:\/\/encuentroinformativo.com.mx\/index.php?rest_route=%2Fwp%2Fv2%2Fcomments&post=51284"}],"version-history":[{"count":1,"href":"https:\/\/encuentroinformativo.com.mx\/index.php?rest_route=\/wp\/v2\/posts\/51284\/revisions"}],"predecessor-version":[{"id":51285,"href":"https:\/\/encuentroinformativo.com.mx\/index.php?rest_route=\/wp\/v2\/posts\/51284\/revisions\/51285"}],"wp:featuredmedia":[{"embeddable":true,"href":"https:\/\/encuentroinformativo.com.mx\/index.php?rest_route=\/wp\/v2\/media\/51268"}],"wp:attachment":[{"href":"https:\/\/encuentroinformativo.com.mx\/index.php?rest_route=%2Fwp%2Fv2%2Fmedia&parent=51284"}],"wp:term":[{"taxonomy":"category","embeddable":true,"href":"https:\/\/encuentroinformativo.com.mx\/index.php?rest_route=%2Fwp%2Fv2%2Fcategories&post=51284"},{"taxonomy":"post_tag","embeddable":true,"href":"https:\/\/encuentroinformativo.com.mx\/index.php?rest_route=%2Fwp%2Fv2%2Ftags&post=51284"}],"curies":[{"name":"wp","href":"https:\/\/api.w.org\/{rel}","templated":true}]}}