{"id":51296,"date":"2024-03-01T16:18:45","date_gmt":"2024-03-01T22:18:45","guid":{"rendered":"https:\/\/encuentroinformativo.com.mx\/?p=51296"},"modified":"2024-03-03T15:12:37","modified_gmt":"2024-03-03T21:12:37","slug":"campanas-federales-ciudadanas-seran-triunfadoras","status":"publish","type":"post","link":"https:\/\/encuentroinformativo.com.mx\/?p=51296","title":{"rendered":"Campa\u00f1as federales ciudadanas ser\u00e1n triunfadoras"},"content":{"rendered":"\n<p><strong>Alejandro \u00c1vila<\/strong><\/p>\n\n\n\n<p>Veracruz, Ver.- Polo Deschamps, precandidato \u00fanico de Movimiento Ciudadano a la gubernatura de Veracruz, asegur\u00f3 que las campa\u00f1as federales ciudadanas a la presidencia, al senado y a las diputaciones, que arrancan este viernes ser\u00e1n, sin lugar a dudas, \u201cunas campa\u00f1as triunfadoras\u201d.&nbsp;<\/p>\n\n\n\n<p>\u201cLos candidatos ciudadanos que hoy inician su campa\u00f1a son unos chingones, es gente de la sociedad civil alejada de la vieja pol\u00edtica y de las viejas ma\u00f1as. No tengo duda de que ser\u00e1n candidatos y campa\u00f1as triunfadoras en todos los sentidos\u201d, expres\u00f3.&nbsp;<\/p>\n\n\n\n<p>Polo Deschamps destac\u00f3 que Movimiento Ciudadano es el \u00fanico partido pol\u00edtico en M\u00e9xico y en Veracruz que se ha abierto y le ha abierto las puertas a la sociedad civil, \u201cpor eso se fijaron en m\u00ed y yo por eso acept\u00e9 su invitaci\u00f3n a participar con ellos, porque no me siento como si estuviera en un partido pol\u00edtico con ma\u00f1as y vicios, sino como en un movimiento ciudadano\u201d, consider\u00f3.<\/p>\n\n\n\n<p>Polo Deschamps lament\u00f3 que el estado de Veracruz lo tenga todo pero su gente tiene casi nada, \u201ces incre\u00edble que, por culpa de malos gobiernos de la vieja pol\u00edtica, los veracruzanos est\u00e9n en el olvido, que est\u00e9n a la buena de dios. Eso, con Movimiento Ciudadano va a cambiar. Tengan la seguridad\u201d, concluy\u00f3.<\/p>\n","protected":false},"excerpt":{"rendered":"<p>Alejandro \u00c1vila Veracruz, Ver.- Polo Deschamps, precandidato \u00fanico de Movimiento Ciudadano a la gubernatura de Veracruz, asegur\u00f3 que las campa\u00f1as federales ciudadanas a la presidencia, al senado y a las diputaciones, que arrancan este viernes ser\u00e1n, sin lugar a dudas, \u201cunas campa\u00f1as triunfadoras\u201d.&nbsp; \u201cLos candidatos ciudadanos que hoy inician su campa\u00f1a son unos chingones, es [&hellip;]<\/p>\n","protected":false},"author":2476,"featured_media":51297,"comment_status":"open","ping_status":"open","sticky":false,"template":"","format":"standard","meta":{"_jetpack_memberships_contains_paid_content":false,"footnotes":""},"categories":[2],"tags":[],"class_list":["post-51296","post","type-post","status-publish","format-standard","has-post-thumbnail","hentry","category-estado"],"jetpack_featured_media_url":"https:\/\/encuentroinformativo.com.mx\/wp-content\/uploads\/2024\/03\/IMG-20240301-WA00962.jpg","jetpack_sharing_enabled":true,"jetpack_likes_enabled":true,"amp_enabled":true,"_links":{"self":[{"href":"https:\/\/encuentroinformativo.com.mx\/index.php?rest_route=\/wp\/v2\/posts\/51296","targetHints":{"allow":["GET"]}}],"collection":[{"href":"https:\/\/encuentroinformativo.com.mx\/index.php?rest_route=\/wp\/v2\/posts"}],"about":[{"href":"https:\/\/encuentroinformativo.com.mx\/index.php?rest_route=\/wp\/v2\/types\/post"}],"author":[{"embeddable":true,"href":"https:\/\/encuentroinformativo.com.mx\/index.php?rest_route=\/wp\/v2\/users\/2476"}],"replies":[{"embeddable":true,"href":"https:\/\/encuentroinformativo.com.mx\/index.php?rest_route=%2Fwp%2Fv2%2Fcomments&post=51296"}],"version-history":[{"count":1,"href":"https:\/\/encuentroinformativo.com.mx\/index.php?rest_route=\/wp\/v2\/posts\/51296\/revisions"}],"predecessor-version":[{"id":51381,"href":"https:\/\/encuentroinformativo.com.mx\/index.php?rest_route=\/wp\/v2\/posts\/51296\/revisions\/51381"}],"wp:featuredmedia":[{"embeddable":true,"href":"https:\/\/encuentroinformativo.com.mx\/index.php?rest_route=\/wp\/v2\/media\/51297"}],"wp:attachment":[{"href":"https:\/\/encuentroinformativo.com.mx\/index.php?rest_route=%2Fwp%2Fv2%2Fmedia&parent=51296"}],"wp:term":[{"taxonomy":"category","embeddable":true,"href":"https:\/\/encuentroinformativo.com.mx\/index.php?rest_route=%2Fwp%2Fv2%2Fcategories&post=51296"},{"taxonomy":"post_tag","embeddable":true,"href":"https:\/\/encuentroinformativo.com.mx\/index.php?rest_route=%2Fwp%2Fv2%2Ftags&post=51296"}],"curies":[{"name":"wp","href":"https:\/\/api.w.org\/{rel}","templated":true}]}}