{"id":51298,"date":"2024-03-01T16:21:00","date_gmt":"2024-03-01T22:21:00","guid":{"rendered":"https:\/\/encuentroinformativo.com.mx\/?p=51298"},"modified":"2024-03-01T16:21:07","modified_gmt":"2024-03-01T22:21:07","slug":"inauguran-instalaciones-del-instituto-superior-de-aduanas-y-logistica","status":"publish","type":"post","link":"https:\/\/encuentroinformativo.com.mx\/?p=51298","title":{"rendered":"Inauguran instalaciones del Instituto Superior de Aduanas y Log\u00edstica"},"content":{"rendered":"\n<p><strong>Alejandro \u00c1vila<\/strong><\/p>\n\n\n\n<p>Veracruz, Ver.- Este mi\u00e9rcoles por la tarde fueron presentadas las instalaciones del Instituto Superior de Aduanas y Log\u00edstica (ISAL), por parte de la Asociaci\u00f3n de Agentes Aduanales del Puerto de Veracruz (AAAVER), organismo que preside, Marco Ant\u00f3nio Sansores Ram\u00edrez.<\/p>\n\n\n\n<p>En esta instituci\u00f3n educativa se buscar\u00e1 capacitar y preparar al personal para enfrentar las necesidades del mercado laboral actual.&nbsp;<\/p>\n\n\n\n<p>Ser\u00e1 un lugar de encuentro para la excelencia de Agentes Aduanales, los colaboradores de las empresas y los j\u00f3venes que iniciar\u00e1n sus estudios profesionales.<\/p>\n\n\n\n<p>Marco Sansores record\u00f3 la importancia de la educaci\u00f3n y de preparar a los j\u00f3venes para el crecimiento y desarrollo de la comunidad y el pa\u00eds.<\/p>\n\n\n\n<p>El director de la AAAVER, Jorge D\u00edaz Arce,&nbsp; destac\u00f3 el compromiso de la Asociaci\u00f3n con la excelencia acad\u00e9mica, por ello ofrecen programas innovadores para responder a las necesidades cambiantes de la sociedad y el mercado laboral.<\/p>\n\n\n\n<p>En ese sentido, expuso que la evoluci\u00f3n es una mejora continua y el crecimiento de lo que ahora es la ISAL refleja el compromiso con la capacidad para prosperar en un entorno de constante cambio.<\/p>\n\n\n\n<p>Por su parte, Ena Marcela Fernandez Viveros, gerente de Recursos Humanos de la AAAVER, record\u00f3 que el proyecto inici\u00f3 en 2018 y se perfeccion\u00f3. En 2021 se ofrecieron 31 cursos a 800 participantes; en 2022, fueron 31 cursos y 900 asistentes; mientras que en 2023 se impartieron 34 cursos a mil 102 participantes, en este a\u00f1o se buscar\u00e1 duplicar los n\u00fameros con nuevos programas de capacitaci\u00f3n.<\/p>\n\n\n\n<p>El Instituto Superior de Aduanas y Log\u00edstica (ISAL) busca formar talento humano, profesional y \u00e9tico para gestionar los procesos de comercio exterior y contribuir con el desarrollo econ\u00f3mico del pa\u00eds.<\/p>\n\n\n\n<p>Tiene como visi\u00f3n, ser la instituci\u00f3n l\u00edder en abrir las puertas del comercio exterior, a trav\u00e9s de un modelo educativo basado en la experiencia profesional.<\/p>\n","protected":false},"excerpt":{"rendered":"<p>Alejandro \u00c1vila Veracruz, Ver.- Este mi\u00e9rcoles por la tarde fueron presentadas las instalaciones del Instituto Superior de Aduanas y Log\u00edstica (ISAL), por parte de la Asociaci\u00f3n de Agentes Aduanales del Puerto de Veracruz (AAAVER), organismo que preside, Marco Ant\u00f3nio Sansores Ram\u00edrez. En esta instituci\u00f3n educativa se buscar\u00e1 capacitar y preparar al personal para enfrentar las [&hellip;]<\/p>\n","protected":false},"author":2476,"featured_media":51299,"comment_status":"open","ping_status":"open","sticky":false,"template":"","format":"standard","meta":{"_jetpack_memberships_contains_paid_content":false,"footnotes":""},"categories":[2],"tags":[],"class_list":["post-51298","post","type-post","status-publish","format-standard","has-post-thumbnail","hentry","category-estado"],"jetpack_featured_media_url":"https:\/\/encuentroinformativo.com.mx\/wp-content\/uploads\/2024\/03\/IMG-20240301-WA0091.jpg","jetpack_sharing_enabled":true,"jetpack_likes_enabled":true,"amp_enabled":true,"_links":{"self":[{"href":"https:\/\/encuentroinformativo.com.mx\/index.php?rest_route=\/wp\/v2\/posts\/51298","targetHints":{"allow":["GET"]}}],"collection":[{"href":"https:\/\/encuentroinformativo.com.mx\/index.php?rest_route=\/wp\/v2\/posts"}],"about":[{"href":"https:\/\/encuentroinformativo.com.mx\/index.php?rest_route=\/wp\/v2\/types\/post"}],"author":[{"embeddable":true,"href":"https:\/\/encuentroinformativo.com.mx\/index.php?rest_route=\/wp\/v2\/users\/2476"}],"replies":[{"embeddable":true,"href":"https:\/\/encuentroinformativo.com.mx\/index.php?rest_route=%2Fwp%2Fv2%2Fcomments&post=51298"}],"version-history":[{"count":1,"href":"https:\/\/encuentroinformativo.com.mx\/index.php?rest_route=\/wp\/v2\/posts\/51298\/revisions"}],"predecessor-version":[{"id":51300,"href":"https:\/\/encuentroinformativo.com.mx\/index.php?rest_route=\/wp\/v2\/posts\/51298\/revisions\/51300"}],"wp:featuredmedia":[{"embeddable":true,"href":"https:\/\/encuentroinformativo.com.mx\/index.php?rest_route=\/wp\/v2\/media\/51299"}],"wp:attachment":[{"href":"https:\/\/encuentroinformativo.com.mx\/index.php?rest_route=%2Fwp%2Fv2%2Fmedia&parent=51298"}],"wp:term":[{"taxonomy":"category","embeddable":true,"href":"https:\/\/encuentroinformativo.com.mx\/index.php?rest_route=%2Fwp%2Fv2%2Fcategories&post=51298"},{"taxonomy":"post_tag","embeddable":true,"href":"https:\/\/encuentroinformativo.com.mx\/index.php?rest_route=%2Fwp%2Fv2%2Ftags&post=51298"}],"curies":[{"name":"wp","href":"https:\/\/api.w.org\/{rel}","templated":true}]}}