{"id":51307,"date":"2024-03-01T16:31:42","date_gmt":"2024-03-01T22:31:42","guid":{"rendered":"https:\/\/encuentroinformativo.com.mx\/?p=51307"},"modified":"2024-03-01T16:31:47","modified_gmt":"2024-03-01T22:31:47","slug":"familia-demanda-justicia-por-reportera-fallecida","status":"publish","type":"post","link":"https:\/\/encuentroinformativo.com.mx\/?p=51307","title":{"rendered":"Familia demanda justicia por reportera fallecida"},"content":{"rendered":"\n<p><strong>Alejandro \u00c1vila<\/strong><\/p>\n\n\n\n<p>Veracruz, Ver.- La familia de la reportera Miriam Serrano Gamboa, pidi\u00f3 a la Fiscal\u00eda General del Estado que no haya impunidad en la muerte de la periodista del diario \u00d3rale e Imagen y que el chofer que manejaba la unidad de transporte p\u00fablico que la atropell\u00f3 pague con c\u00e1rcel.&nbsp;<\/p>\n\n\n\n<p>Afuera del Hospital Regional de Veracruz, Margarita Gamboa Ram\u00edrez, madre de Miriam, pidi\u00f3 un aplauso para su hija por luchar toda la noche por su vida, llam\u00f3 a las autoridades a que se castigue al responsable.&nbsp;<\/p>\n\n\n\n<p>\u201cLa atropellaron ayer y perdi\u00f3 la vida mi hija, pido que por favor el culpable se quede en la c\u00e1rcel. No quiero ni un peso, mi hija val\u00eda oro, me arrebat\u00f3 a mi hija, quiero que pague con c\u00e1rcel, si de alguna manera pueden apoyar\u201d, dijo entre l\u00e1grimas.&nbsp;<\/p>\n\n\n\n<p>El conductor de la unidad de la ruta \u201cPuente Moreno\u201d, est\u00e1 detenido y se interpuso la denuncia desde la noche del jueves ante la FGE.&nbsp;<\/p>\n\n\n\n<p>El padre de Miriam, Enrique Serrano, se\u00f1al\u00f3 que era una mujer de valores, apegada a su familia y con mucha bondad.&nbsp;<\/p>\n\n\n\n<p>\u201cUna hija muy ejemplar, nuestros tres hijos y ahora nos quedamos con dos, era mi vida\u201d.&nbsp;<\/p>\n\n\n\n<p>Miriam de 36 a\u00f1os, sal\u00eda de la cobertura de un evento la noche del jueves cuando fue atropellada sobre la avenida Salvador D\u00edaz Mir\u00f3n y Paso y Troncoso.<\/p>\n","protected":false},"excerpt":{"rendered":"<p>Alejandro \u00c1vila Veracruz, Ver.- La familia de la reportera Miriam Serrano Gamboa, pidi\u00f3 a la Fiscal\u00eda General del Estado que no haya impunidad en la muerte de la periodista del diario \u00d3rale e Imagen y que el chofer que manejaba la unidad de transporte p\u00fablico que la atropell\u00f3 pague con c\u00e1rcel.&nbsp; Afuera del Hospital Regional [&hellip;]<\/p>\n","protected":false},"author":2476,"featured_media":51308,"comment_status":"open","ping_status":"open","sticky":false,"template":"","format":"standard","meta":{"_jetpack_memberships_contains_paid_content":false,"footnotes":""},"categories":[2],"tags":[],"class_list":["post-51307","post","type-post","status-publish","format-standard","has-post-thumbnail","hentry","category-estado"],"jetpack_featured_media_url":"https:\/\/encuentroinformativo.com.mx\/wp-content\/uploads\/2024\/03\/IMG-20240301-WA0095.jpg","jetpack_sharing_enabled":true,"jetpack_likes_enabled":true,"amp_enabled":true,"_links":{"self":[{"href":"https:\/\/encuentroinformativo.com.mx\/index.php?rest_route=\/wp\/v2\/posts\/51307","targetHints":{"allow":["GET"]}}],"collection":[{"href":"https:\/\/encuentroinformativo.com.mx\/index.php?rest_route=\/wp\/v2\/posts"}],"about":[{"href":"https:\/\/encuentroinformativo.com.mx\/index.php?rest_route=\/wp\/v2\/types\/post"}],"author":[{"embeddable":true,"href":"https:\/\/encuentroinformativo.com.mx\/index.php?rest_route=\/wp\/v2\/users\/2476"}],"replies":[{"embeddable":true,"href":"https:\/\/encuentroinformativo.com.mx\/index.php?rest_route=%2Fwp%2Fv2%2Fcomments&post=51307"}],"version-history":[{"count":1,"href":"https:\/\/encuentroinformativo.com.mx\/index.php?rest_route=\/wp\/v2\/posts\/51307\/revisions"}],"predecessor-version":[{"id":51309,"href":"https:\/\/encuentroinformativo.com.mx\/index.php?rest_route=\/wp\/v2\/posts\/51307\/revisions\/51309"}],"wp:featuredmedia":[{"embeddable":true,"href":"https:\/\/encuentroinformativo.com.mx\/index.php?rest_route=\/wp\/v2\/media\/51308"}],"wp:attachment":[{"href":"https:\/\/encuentroinformativo.com.mx\/index.php?rest_route=%2Fwp%2Fv2%2Fmedia&parent=51307"}],"wp:term":[{"taxonomy":"category","embeddable":true,"href":"https:\/\/encuentroinformativo.com.mx\/index.php?rest_route=%2Fwp%2Fv2%2Fcategories&post=51307"},{"taxonomy":"post_tag","embeddable":true,"href":"https:\/\/encuentroinformativo.com.mx\/index.php?rest_route=%2Fwp%2Fv2%2Ftags&post=51307"}],"curies":[{"name":"wp","href":"https:\/\/api.w.org\/{rel}","templated":true}]}}