{"id":51312,"date":"2024-03-02T11:34:16","date_gmt":"2024-03-02T17:34:16","guid":{"rendered":"https:\/\/encuentroinformativo.com.mx\/?p=51312"},"modified":"2024-03-02T11:34:21","modified_gmt":"2024-03-02T17:34:21","slug":"por-cuestion-de-genero-cambio-en-formula-al-senado-manuel-huerta","status":"publish","type":"post","link":"https:\/\/encuentroinformativo.com.mx\/?p=51312","title":{"rendered":"Por cuesti\u00f3n de g\u00e9nero, cambio en f\u00f3rmula al senado: Manuel Huerta"},"content":{"rendered":"\n<p><strong>Dar\u00edo Pale <\/strong><\/p>\n\n\n\n<p>Xalapa, Ver.- El cambio de posici\u00f3n a segunda f\u00f3rmula fue por un criterio del INE, por cuestiones de g\u00e9nero, que revisar\u00e1 as\u00ed lo dio a conocer el candidato al Senado de la Rep\u00fablica, Manuel Huerta Ladr\u00f3n de Guevara.<\/p>\n\n\n\n<p>En conferencia de prensa, en el puerto de Veracruz, se\u00f1alo que tiene derecho a conocer cu\u00e1les fueron los criterios que el \u00f3rgano electoral tom\u00f3 para hacer el ajuste que llev\u00f3 a cabo en las f\u00f3rmulas de Veracruz.<\/p>\n\n\n\n<p>&#8220;Es lo que yo estar\u00e9 reflexionando de manera activa, junto con el Movimiento para conocer esas causas&#8221;, se\u00f1al\u00f3.<\/p>\n\n\n\n<p>&#8220;No quisi\u00e9ramos que el INE se fuera a entrometer en la vida de los partidos indebidamente, porque hay una tendencia a hacerlo&#8221;, agrego.<\/p>\n\n\n\n<p>Expres\u00f3 que &#8220;el orden de los factores no altera el producto&#8221; y augur\u00f3 que ganar\u00e1n las mayor\u00edas legislativas, lo que implicar\u00e1 que ganar\u00e1n la primera y la segunda f\u00f3rmula.<\/p>\n\n\n\n<p>&#8220;Tenemos que tener claro que el proyecto es Claudia, es la que va a garantizar junto con todos los legisladores, que siga la transformaci\u00f3n&#8221;, coment\u00f3.<\/p>\n\n\n\n<p>Ladr\u00f3n de Guevara\u00a0 pregunt\u00f3 a la oposici\u00f3n qu\u00e9 cara tienen si en la segunda f\u00f3rmula llevan al exgobernador Miguel \u00c1ngel Yunes Linares.<\/p>\n\n\n\n<p>&#8220;Casi ser\u00eda como para decirle: te reto Miguel, pon a la segunda f\u00f3rmula en primera y a ver si es cierto que como roncas duermes&#8221;, manifest\u00f3 y consider\u00f3 que no lo har\u00e1n porque pretender ser una &#8220;monarqu\u00eda&#8221;.<\/p>\n\n\n\n<p>El exdelegado de los programas federales dijo que no siente que lo hayan &#8220;bajado&#8221; porque van a ganar las mayor\u00edas.<\/p>\n\n\n\n<p>&#8220;Es una cuesti\u00f3n \u00e9tica-pol\u00edtica, yo podr\u00eda darle una lectura al rev\u00e9s. Nosotros, los originarios fundadores de este movimiento vamos contracorriente siempre e ir contracorriente es empujar desde atr\u00e1s&#8221; dijo en la conferencia.<\/p>\n\n\n\n<p>&#8220;No es por presumir, pero los \u00faltimos ser\u00e1n los primeros, siempre el que resiste apoya y siempre he luchado, tengo 44 a\u00f1os luchando por la transformaci\u00f3n&#8221;, sostuvo.<\/p>\n\n\n\n<p>Agreg\u00f3 que el cambio de posici\u00f3n no fue un tema de su partido, sino del INE, pero recalc\u00f3 que investigar\u00e1 qu\u00e9 fue lo que pas\u00f3.<\/p>\n\n\n\n<p>Por \u00faltimo a\u00f1adi\u00f3 que revisar\u00e1 el criterio del \u00f3rgano electoral porque no vaya a ser que quiera apoyar a la oposici\u00f3n y evitar que lo enfrenten en los debates.<\/p>\n","protected":false},"excerpt":{"rendered":"<p>Dar\u00edo Pale Xalapa, Ver.- El cambio de posici\u00f3n a segunda f\u00f3rmula fue por un criterio del INE, por cuestiones de g\u00e9nero, que revisar\u00e1 as\u00ed lo dio a conocer el candidato al Senado de la Rep\u00fablica, Manuel Huerta Ladr\u00f3n de Guevara. En conferencia de prensa, en el puerto de Veracruz, se\u00f1alo que tiene derecho a conocer [&hellip;]<\/p>\n","protected":false},"author":2476,"featured_media":51313,"comment_status":"open","ping_status":"open","sticky":false,"template":"","format":"standard","meta":{"_jetpack_memberships_contains_paid_content":false,"footnotes":""},"categories":[2],"tags":[],"class_list":["post-51312","post","type-post","status-publish","format-standard","has-post-thumbnail","hentry","category-estado"],"jetpack_featured_media_url":"https:\/\/encuentroinformativo.com.mx\/wp-content\/uploads\/2024\/03\/IMG-20240302-WA00072.jpg","jetpack_sharing_enabled":true,"jetpack_likes_enabled":true,"amp_enabled":true,"_links":{"self":[{"href":"https:\/\/encuentroinformativo.com.mx\/index.php?rest_route=\/wp\/v2\/posts\/51312","targetHints":{"allow":["GET"]}}],"collection":[{"href":"https:\/\/encuentroinformativo.com.mx\/index.php?rest_route=\/wp\/v2\/posts"}],"about":[{"href":"https:\/\/encuentroinformativo.com.mx\/index.php?rest_route=\/wp\/v2\/types\/post"}],"author":[{"embeddable":true,"href":"https:\/\/encuentroinformativo.com.mx\/index.php?rest_route=\/wp\/v2\/users\/2476"}],"replies":[{"embeddable":true,"href":"https:\/\/encuentroinformativo.com.mx\/index.php?rest_route=%2Fwp%2Fv2%2Fcomments&post=51312"}],"version-history":[{"count":1,"href":"https:\/\/encuentroinformativo.com.mx\/index.php?rest_route=\/wp\/v2\/posts\/51312\/revisions"}],"predecessor-version":[{"id":51314,"href":"https:\/\/encuentroinformativo.com.mx\/index.php?rest_route=\/wp\/v2\/posts\/51312\/revisions\/51314"}],"wp:featuredmedia":[{"embeddable":true,"href":"https:\/\/encuentroinformativo.com.mx\/index.php?rest_route=\/wp\/v2\/media\/51313"}],"wp:attachment":[{"href":"https:\/\/encuentroinformativo.com.mx\/index.php?rest_route=%2Fwp%2Fv2%2Fmedia&parent=51312"}],"wp:term":[{"taxonomy":"category","embeddable":true,"href":"https:\/\/encuentroinformativo.com.mx\/index.php?rest_route=%2Fwp%2Fv2%2Fcategories&post=51312"},{"taxonomy":"post_tag","embeddable":true,"href":"https:\/\/encuentroinformativo.com.mx\/index.php?rest_route=%2Fwp%2Fv2%2Ftags&post=51312"}],"curies":[{"name":"wp","href":"https:\/\/api.w.org\/{rel}","templated":true}]}}