{"id":51319,"date":"2024-03-02T14:06:02","date_gmt":"2024-03-02T20:06:02","guid":{"rendered":"https:\/\/encuentroinformativo.com.mx\/?p=51319"},"modified":"2024-03-02T14:06:09","modified_gmt":"2024-03-02T20:06:09","slug":"empresaria-busca-diputacion-federal-por-movimiento-ciudadano","status":"publish","type":"post","link":"https:\/\/encuentroinformativo.com.mx\/?p=51319","title":{"rendered":"Empresaria busca diputaci\u00f3n federal por Movimiento Ciudadano"},"content":{"rendered":"\n<p><strong>Alejandro \u00c1vila<\/strong><\/p>\n\n\n\n<p>Veracruz, Ver.- \u201cMi compromiso es hacer o\u00edr la voz de la comunidad veracruzana\u201d, se\u00f1al\u00f3 la empresaria Kary Guzm\u00e1n, qui\u00e9n busca la diputaci\u00f3n federal en el Distrito 12, abanderada por el partido Movimiento Ciudadano.<\/p>\n\n\n\n<p>La integrante del Consejo Coordinador de Mujeres Empresarias (CCME), se\u00f1al\u00f3 que existe un compromiso de los legisladores con la equidad de g\u00e9nero y el empoderamiento de las mujeres; por lo que en caso de lograr la curul federal buscar\u00e1 proporcionar herramientas, recursos y oportunidades para fomentar el crecimiento personal, profesional y social de todas las mujeres veracruzanas.<\/p>\n\n\n\n<p>Kary Guzm\u00e1n empresaria veracruzana e ingeniero civil de profesi\u00f3n, actualmente directora de la Fundaci\u00f3n CBRO y creadora del programa \u201cConstr\u00fayete Mujer\u201d se\u00f1al\u00f3 que, con espacios de capacitaci\u00f3n, redes de apoyo comunitario y mentor\u00eda, son acciones con resultados exitosos para el desarrollo de las y los emprendedores veracruzanos.<\/p>\n\n\n\n<p>Adem\u00e1s, subray\u00f3 \u201csomos parte de un movimiento que estamos interesados en un bien com\u00fan de nuestra sociedad\u201d&nbsp;&nbsp;<\/p>\n\n\n\n<p>Kary Guzm\u00e1n expres\u00f3 que impulsar\u00e1 leyes y reformas que busquen no solo crear un impacto positivo y duradero en la vida de las mujeres y hombres de nuestra comunidad veracruzana, sino brindar el apoyo necesario para que puedan alcanzar su pleno potencial y hacer o\u00edr su voz en un mundo en constante evoluci\u00f3n\u201d concluy\u00f3.<\/p>\n","protected":false},"excerpt":{"rendered":"<p>Alejandro \u00c1vila Veracruz, Ver.- \u201cMi compromiso es hacer o\u00edr la voz de la comunidad veracruzana\u201d, se\u00f1al\u00f3 la empresaria Kary Guzm\u00e1n, qui\u00e9n busca la diputaci\u00f3n federal en el Distrito 12, abanderada por el partido Movimiento Ciudadano. La integrante del Consejo Coordinador de Mujeres Empresarias (CCME), se\u00f1al\u00f3 que existe un compromiso de los legisladores con la equidad [&hellip;]<\/p>\n","protected":false},"author":2476,"featured_media":51320,"comment_status":"open","ping_status":"open","sticky":false,"template":"","format":"standard","meta":{"_jetpack_memberships_contains_paid_content":false,"footnotes":""},"categories":[2],"tags":[],"class_list":["post-51319","post","type-post","status-publish","format-standard","has-post-thumbnail","hentry","category-estado"],"jetpack_featured_media_url":"https:\/\/encuentroinformativo.com.mx\/wp-content\/uploads\/2024\/03\/IMG-20240302-WA0014-scaled.jpg","jetpack_sharing_enabled":true,"jetpack_likes_enabled":true,"amp_enabled":true,"_links":{"self":[{"href":"https:\/\/encuentroinformativo.com.mx\/index.php?rest_route=\/wp\/v2\/posts\/51319","targetHints":{"allow":["GET"]}}],"collection":[{"href":"https:\/\/encuentroinformativo.com.mx\/index.php?rest_route=\/wp\/v2\/posts"}],"about":[{"href":"https:\/\/encuentroinformativo.com.mx\/index.php?rest_route=\/wp\/v2\/types\/post"}],"author":[{"embeddable":true,"href":"https:\/\/encuentroinformativo.com.mx\/index.php?rest_route=\/wp\/v2\/users\/2476"}],"replies":[{"embeddable":true,"href":"https:\/\/encuentroinformativo.com.mx\/index.php?rest_route=%2Fwp%2Fv2%2Fcomments&post=51319"}],"version-history":[{"count":1,"href":"https:\/\/encuentroinformativo.com.mx\/index.php?rest_route=\/wp\/v2\/posts\/51319\/revisions"}],"predecessor-version":[{"id":51321,"href":"https:\/\/encuentroinformativo.com.mx\/index.php?rest_route=\/wp\/v2\/posts\/51319\/revisions\/51321"}],"wp:featuredmedia":[{"embeddable":true,"href":"https:\/\/encuentroinformativo.com.mx\/index.php?rest_route=\/wp\/v2\/media\/51320"}],"wp:attachment":[{"href":"https:\/\/encuentroinformativo.com.mx\/index.php?rest_route=%2Fwp%2Fv2%2Fmedia&parent=51319"}],"wp:term":[{"taxonomy":"category","embeddable":true,"href":"https:\/\/encuentroinformativo.com.mx\/index.php?rest_route=%2Fwp%2Fv2%2Fcategories&post=51319"},{"taxonomy":"post_tag","embeddable":true,"href":"https:\/\/encuentroinformativo.com.mx\/index.php?rest_route=%2Fwp%2Fv2%2Ftags&post=51319"}],"curies":[{"name":"wp","href":"https:\/\/api.w.org\/{rel}","templated":true}]}}