{"id":51333,"date":"2024-03-02T14:40:24","date_gmt":"2024-03-02T20:40:24","guid":{"rendered":"https:\/\/encuentroinformativo.com.mx\/?p=51333"},"modified":"2024-03-02T14:40:29","modified_gmt":"2024-03-02T20:40:29","slug":"no-solo-tuxpan-todo-veracruz-es-un-foco-rojo-pepe-yunes","status":"publish","type":"post","link":"https:\/\/encuentroinformativo.com.mx\/?p=51333","title":{"rendered":"No solo Tuxpan, todo Veracruz es un foco rojo: Pepe Yunes"},"content":{"rendered":"\n<p><strong>Alejandro \u00c1vila<\/strong><\/p>\n\n\n\n<p>Veracruz, Ver.- En estos momentos, no solo el municipio de Tuxpan es un &#8220;foco rojo&#8221; de inseguridad sino toda todo el Estado de Veracruz, asegur\u00f3 el pre candidato a la gubernatura, Jos\u00e9 Francisco Yunes Zorrilla.<\/p>\n\n\n\n<p>El abanderado de la coalici\u00f3n &#8220;Fuerza y Coraz\u00f3n por Veracruz&#8221;, lament\u00f3 la falta de estrategia de seguridad en toda la entidad, y consider\u00f3 que la pol\u00edtica del gobierno federal y estatal es un total fracaso, ya que lacera el d\u00eda d\u00eda de los veracruzanos que viven con miedo.<\/p>\n\n\n\n<p>&#8220;El estado de Veracruz est\u00e1 considerado un foco rojo, no hay una estrategia de seguridad a nivel nacional, es un fracaso del presidente de la rep\u00fablica, como es un fracaso del presidente el sistema de salud, pero que lamentablemente llega a su consecuencia al d\u00eda a d\u00eda de los veracruzanos y no lo merecemos. Hoy van, al no haber estrategia, a mandar polic\u00edas de Tuxpan, ma\u00f1ana las notas que van a llegar m\u00e1s polic\u00edas federales y estatales, hasta que lamentablemente haya otros hechos similares en el sur, para llev\u00e1rselos que se llevaron a Tuxpan al sur (\u2026) no hay una estrategia y es un fracaso, solamente no lo ve que no lo quiere ver, no s\u00e9 qui\u00e9n pueda respaldar esto&#8221;, sentenci\u00f3.<\/p>\n\n\n\n<p>Este s\u00e1bado por la ma\u00f1ana, fueron dejados cuatro cuerpos sin vida sobre el bulevar del municipio de Tuxpan<\/p>\n","protected":false},"excerpt":{"rendered":"<p>Alejandro \u00c1vila Veracruz, Ver.- En estos momentos, no solo el municipio de Tuxpan es un &#8220;foco rojo&#8221; de inseguridad sino toda todo el Estado de Veracruz, asegur\u00f3 el pre candidato a la gubernatura, Jos\u00e9 Francisco Yunes Zorrilla. El abanderado de la coalici\u00f3n &#8220;Fuerza y Coraz\u00f3n por Veracruz&#8221;, lament\u00f3 la falta de estrategia de seguridad en [&hellip;]<\/p>\n","protected":false},"author":2476,"featured_media":51334,"comment_status":"open","ping_status":"open","sticky":false,"template":"","format":"standard","meta":{"_jetpack_memberships_contains_paid_content":false,"footnotes":""},"categories":[2],"tags":[],"class_list":["post-51333","post","type-post","status-publish","format-standard","has-post-thumbnail","hentry","category-estado"],"jetpack_featured_media_url":"https:\/\/encuentroinformativo.com.mx\/wp-content\/uploads\/2024\/03\/IMG-20240302-WA0042.jpg","jetpack_sharing_enabled":true,"jetpack_likes_enabled":true,"amp_enabled":true,"_links":{"self":[{"href":"https:\/\/encuentroinformativo.com.mx\/index.php?rest_route=\/wp\/v2\/posts\/51333","targetHints":{"allow":["GET"]}}],"collection":[{"href":"https:\/\/encuentroinformativo.com.mx\/index.php?rest_route=\/wp\/v2\/posts"}],"about":[{"href":"https:\/\/encuentroinformativo.com.mx\/index.php?rest_route=\/wp\/v2\/types\/post"}],"author":[{"embeddable":true,"href":"https:\/\/encuentroinformativo.com.mx\/index.php?rest_route=\/wp\/v2\/users\/2476"}],"replies":[{"embeddable":true,"href":"https:\/\/encuentroinformativo.com.mx\/index.php?rest_route=%2Fwp%2Fv2%2Fcomments&post=51333"}],"version-history":[{"count":1,"href":"https:\/\/encuentroinformativo.com.mx\/index.php?rest_route=\/wp\/v2\/posts\/51333\/revisions"}],"predecessor-version":[{"id":51335,"href":"https:\/\/encuentroinformativo.com.mx\/index.php?rest_route=\/wp\/v2\/posts\/51333\/revisions\/51335"}],"wp:featuredmedia":[{"embeddable":true,"href":"https:\/\/encuentroinformativo.com.mx\/index.php?rest_route=\/wp\/v2\/media\/51334"}],"wp:attachment":[{"href":"https:\/\/encuentroinformativo.com.mx\/index.php?rest_route=%2Fwp%2Fv2%2Fmedia&parent=51333"}],"wp:term":[{"taxonomy":"category","embeddable":true,"href":"https:\/\/encuentroinformativo.com.mx\/index.php?rest_route=%2Fwp%2Fv2%2Fcategories&post=51333"},{"taxonomy":"post_tag","embeddable":true,"href":"https:\/\/encuentroinformativo.com.mx\/index.php?rest_route=%2Fwp%2Fv2%2Ftags&post=51333"}],"curies":[{"name":"wp","href":"https:\/\/api.w.org\/{rel}","templated":true}]}}