{"id":51336,"date":"2024-03-02T14:44:18","date_gmt":"2024-03-02T20:44:18","guid":{"rendered":"https:\/\/encuentroinformativo.com.mx\/?p=51336"},"modified":"2024-03-02T14:44:27","modified_gmt":"2024-03-02T20:44:27","slug":"jovenes-piden-a-americo-un-diputado-de-tiempo-completo","status":"publish","type":"post","link":"https:\/\/encuentroinformativo.com.mx\/?p=51336","title":{"rendered":"J\u00f3venes piden a Am\u00e9rico un diputado de tiempo completo"},"content":{"rendered":"\n<p><strong>*El abanderado destac\u00f3 que quiere ser \u00fatil para el sector juvenil.<\/strong><\/p>\n\n\n\n<p>Xalapa, Ver.- J\u00f3venes le pidieron al candidato de la coalici\u00f3n &#8220;Fuerza y Coraz\u00f3n por Veracruz&#8221; a la diputaci\u00f3n federal por Xalapa, Am\u00e9rico Z\u00fa\u00f1iga Mart\u00ednez, un legislador de tiempo completo y el abanderado destac\u00f3 que busca ser \u00fatil para todos ellos.<\/p>\n\n\n\n<p>Durante la convivencia expusieron que necesitan un diputado que incentive la participaci\u00f3n de los j\u00f3venes en el \u00e1mbito p\u00fablico y pol\u00edtico.<\/p>\n\n\n\n<p>Am\u00e9rico Z\u00fa\u00f1iga se\u00f1al\u00f3 que para conocer las inquietudes del sector juvenil y recoger propuestas, primero hay que escuchar.<\/p>\n\n\n\n<p>Uno de los j\u00f3venes, Aurelio, expuso que los actuales representantes populares de Xalapa est\u00e1n ausentes, &#8220;en su ejercicio no han hecho absolutamente nada por darle voz al clamor social. Quienes hoy deber\u00edan actuar como defensores de nuestras causas, solo desempe\u00f1an el vergonzoso papel de aplaudidores&#8221;.<\/p>\n\n\n\n<p>Adem\u00e1s, manifest\u00f3 que los j\u00f3venes levantan la voz por sus derechos y objetivos, &#8220;y aqu\u00ed, nuestro amigo Am\u00e9rico Z\u00fa\u00f1iga, hombre con amplia experiencia, con total entrega a las causas juveniles, pero, sobre todo, con un profundo amor a la ciudad, ha atendido a nuestro llamado y nos acompa\u00f1a en este di\u00e1logo&#8221;.<\/p>\n\n\n\n<p>Por ello, le refrendaron su apoyo para llegar a la diputaci\u00f3n federal y confiaron en que su gesti\u00f3n en la C\u00e1mara ser\u00e1 sumamente provechosa para mantener un equilibrio legislativo, pues saben que con \u00e9l contar\u00e1n con un aliado en las altas tribunas parlamentarias.<\/p>\n\n\n\n<p>&#8220;Queremos y creemos que usted va a enarbolar en el Congreso, los valores de respeto; depositamos en usted nuestra confianza en el porvenir de nuestro municipio&#8221;, dijeron.<\/p>\n\n\n\n<p>Por su parte, el abanderado de la coalici\u00f3n coincidi\u00f3 en que un diputado debe defender los intereses de la gente, de los xalape\u00f1os, de los j\u00f3venes y desde hace m\u00e1s de cinco a\u00f1os, Xalapa no lo tiene.<\/p>\n\n\n\n<p>De manera que presentar\u00e1 m\u00e1s de cuarenta propuestas legislativas, entre estas, la defensa del agua.<\/p>\n\n\n\n<p>Tambi\u00e9n record\u00f3 que cuando fue secretario del Trabajo a los 25 a\u00f1os, cre\u00f3 el primer portal para generar ofertas laborales, Empleover y fue tan exitoso que el Gobierno federal lo replic\u00f3 a nivel nacional.<\/p>\n\n\n\n<p>En el encuentro, Z\u00fa\u00f1iga Mart\u00ednez indic\u00f3 que fue diputado local y es un autor de leyes vigentes, adem\u00e1s de que fue un representante popular presente, pues cre\u00f3 el programa &#8220;Diputado Presente&#8221; y cada lunes acud\u00eda a una instituci\u00f3n educativa.<\/p>\n\n\n\n<p>Finalmente, Am\u00e9rico Z\u00fa\u00f1iga Mart\u00ednez precis\u00f3 que no est\u00e1 en contra de los programas sociales y tampoco votar\u00eda para quitarlos, por el contrario, plante\u00f3 que se apliquen de manera transparente y de manera equitativa.<\/p>\n","protected":false},"excerpt":{"rendered":"<p>*El abanderado destac\u00f3 que quiere ser \u00fatil para el sector juvenil. Xalapa, Ver.- J\u00f3venes le pidieron al candidato de la coalici\u00f3n &#8220;Fuerza y Coraz\u00f3n por Veracruz&#8221; a la diputaci\u00f3n federal por Xalapa, Am\u00e9rico Z\u00fa\u00f1iga Mart\u00ednez, un legislador de tiempo completo y el abanderado destac\u00f3 que busca ser \u00fatil para todos ellos. Durante la convivencia expusieron [&hellip;]<\/p>\n","protected":false},"author":2476,"featured_media":51337,"comment_status":"open","ping_status":"open","sticky":false,"template":"","format":"standard","meta":{"_jetpack_memberships_contains_paid_content":false,"footnotes":""},"categories":[3],"tags":[],"class_list":["post-51336","post","type-post","status-publish","format-standard","has-post-thumbnail","hentry","category-xalapa"],"jetpack_featured_media_url":"https:\/\/encuentroinformativo.com.mx\/wp-content\/uploads\/2024\/03\/IMG-20240302-WA0029-scaled.jpg","jetpack_sharing_enabled":true,"jetpack_likes_enabled":true,"amp_enabled":true,"_links":{"self":[{"href":"https:\/\/encuentroinformativo.com.mx\/index.php?rest_route=\/wp\/v2\/posts\/51336","targetHints":{"allow":["GET"]}}],"collection":[{"href":"https:\/\/encuentroinformativo.com.mx\/index.php?rest_route=\/wp\/v2\/posts"}],"about":[{"href":"https:\/\/encuentroinformativo.com.mx\/index.php?rest_route=\/wp\/v2\/types\/post"}],"author":[{"embeddable":true,"href":"https:\/\/encuentroinformativo.com.mx\/index.php?rest_route=\/wp\/v2\/users\/2476"}],"replies":[{"embeddable":true,"href":"https:\/\/encuentroinformativo.com.mx\/index.php?rest_route=%2Fwp%2Fv2%2Fcomments&post=51336"}],"version-history":[{"count":1,"href":"https:\/\/encuentroinformativo.com.mx\/index.php?rest_route=\/wp\/v2\/posts\/51336\/revisions"}],"predecessor-version":[{"id":51338,"href":"https:\/\/encuentroinformativo.com.mx\/index.php?rest_route=\/wp\/v2\/posts\/51336\/revisions\/51338"}],"wp:featuredmedia":[{"embeddable":true,"href":"https:\/\/encuentroinformativo.com.mx\/index.php?rest_route=\/wp\/v2\/media\/51337"}],"wp:attachment":[{"href":"https:\/\/encuentroinformativo.com.mx\/index.php?rest_route=%2Fwp%2Fv2%2Fmedia&parent=51336"}],"wp:term":[{"taxonomy":"category","embeddable":true,"href":"https:\/\/encuentroinformativo.com.mx\/index.php?rest_route=%2Fwp%2Fv2%2Fcategories&post=51336"},{"taxonomy":"post_tag","embeddable":true,"href":"https:\/\/encuentroinformativo.com.mx\/index.php?rest_route=%2Fwp%2Fv2%2Ftags&post=51336"}],"curies":[{"name":"wp","href":"https:\/\/api.w.org\/{rel}","templated":true}]}}