{"id":51339,"date":"2024-03-02T16:17:38","date_gmt":"2024-03-02T22:17:38","guid":{"rendered":"https:\/\/encuentroinformativo.com.mx\/?p=51339"},"modified":"2024-03-02T16:17:50","modified_gmt":"2024-03-02T22:17:50","slug":"que-los-apoyos-sociales-a-los-adultos-mayores-se-mantengan-que-sean-mas-y-mejores-miguel-angel-yunes-marquez","status":"publish","type":"post","link":"https:\/\/encuentroinformativo.com.mx\/?p=51339","title":{"rendered":"\u00a1Que los apoyos sociales a los adultos mayores se mantengan, que sean m\u00e1s y mejores!: Miguel \u00c1ngel Yunes M\u00e1rquez"},"content":{"rendered":"\n<p><strong><em>*Desde el Senado propondr\u00e1 que los adultos mayores reciban m\u00e1s dinero y que la pensi\u00f3n sea a partir de los 60 a\u00f1os<\/em>.<\/strong><\/p>\n\n\n\n<p><strong><em>*Exigir\u00e1 que los servicios de salud en hospitales ser\u00e1n de calidad y que se garanticen abasto suficiente de medicamentos<\/em>.<\/strong><\/p>\n\n\n\n<p>Veracruz, Ver.- Miguel \u00c1ngel Yunes M\u00e1rquez, candidato al Senado de la Rep\u00fablica por la coalici\u00f3n Fuerza y Coraz\u00f3n por Veracruz afirm\u00f3 que al llegar al Senado luchar\u00e1 para que los apoyos sociales a los adultos mayores no s\u00f3lo se queden, sino para que sean m\u00e1s y mejores.<\/p>\n\n\n\n<p>En su segundo d\u00eda de campa\u00f1a, Yunes M\u00e1rquez sostuvo una reuni\u00f3n con adultos mayores en el Barrio de La Huaca, ubicado en la zona centro de la ciudad de Veracruz, y ah\u00ed se comprometi\u00f3 que ning\u00fan programa social desaparecer\u00e1 y garantiz\u00f3 que \u00e9stos ser\u00e1n fortalecidos.<\/p>\n\n\n\n<p>\u201cMi compromiso con ustedes es que vamos por m\u00e1s y mejores programas sociales, por eso a partir de los 60 a\u00f1os los adultos<br>mayores recibir\u00e1n una pensi\u00f3n del Gobierno Federal; hay que recordar que actualmente la<br>edad que se requiere para recibir este apoyo son 65 a\u00f1os, y por qu\u00e9 no, lucharemos para incrementar el monto de este apoyo\u201d, reiter\u00f3.<\/p>\n\n\n\n<p>Subray\u00f3 que este apoyo es un derecho constitucional<br>irrevocable pues desde mayo de 2020, la pensi\u00f3n es un derecho previsto en el art\u00edculo 4 constitucional. \u201cLa entrega de la pensi\u00f3n no puede ser condicionada\u201d, dijo.<\/p>\n\n\n\n<p>Sostuvo que en materia de salud los servicios en los hospitales p\u00fablicos ser\u00e1n de calidad y habr\u00e1 medicinas para todos.<\/p>\n\n\n\n<p>Miguel \u00c1ngel Yunes M\u00e1rquez dijo que como senador representar\u00e1 dignamente y defender\u00e1 los derechos de los veracruzanos.<\/p>\n\n\n\n<p>\u201cA Veracruz lo quieren tratar como un estado de cuarta, no de primera, y somos un estado que tiene todo, que aporta todo, entonces necesitamos realmente que aqu\u00ed en Veracruz haya todos los beneficios que se le est\u00e1n dando a otros estados \u201d, concluy\u00f3.<\/p>\n","protected":false},"excerpt":{"rendered":"<p>*Desde el Senado propondr\u00e1 que los adultos mayores reciban m\u00e1s dinero y que la pensi\u00f3n sea a partir de los 60 a\u00f1os. *Exigir\u00e1 que los servicios de salud en hospitales ser\u00e1n de calidad y que se garanticen abasto suficiente de medicamentos. Veracruz, Ver.- Miguel \u00c1ngel Yunes M\u00e1rquez, candidato al Senado de la Rep\u00fablica por la [&hellip;]<\/p>\n","protected":false},"author":2476,"featured_media":51341,"comment_status":"open","ping_status":"open","sticky":false,"template":"","format":"standard","meta":{"_jetpack_memberships_contains_paid_content":false,"footnotes":""},"categories":[2],"tags":[],"class_list":["post-51339","post","type-post","status-publish","format-standard","has-post-thumbnail","hentry","category-estado"],"jetpack_featured_media_url":"https:\/\/encuentroinformativo.com.mx\/wp-content\/uploads\/2024\/03\/IMG-20240302-WA0058-1.jpg","jetpack_sharing_enabled":true,"jetpack_likes_enabled":true,"amp_enabled":true,"_links":{"self":[{"href":"https:\/\/encuentroinformativo.com.mx\/index.php?rest_route=\/wp\/v2\/posts\/51339","targetHints":{"allow":["GET"]}}],"collection":[{"href":"https:\/\/encuentroinformativo.com.mx\/index.php?rest_route=\/wp\/v2\/posts"}],"about":[{"href":"https:\/\/encuentroinformativo.com.mx\/index.php?rest_route=\/wp\/v2\/types\/post"}],"author":[{"embeddable":true,"href":"https:\/\/encuentroinformativo.com.mx\/index.php?rest_route=\/wp\/v2\/users\/2476"}],"replies":[{"embeddable":true,"href":"https:\/\/encuentroinformativo.com.mx\/index.php?rest_route=%2Fwp%2Fv2%2Fcomments&post=51339"}],"version-history":[{"count":1,"href":"https:\/\/encuentroinformativo.com.mx\/index.php?rest_route=\/wp\/v2\/posts\/51339\/revisions"}],"predecessor-version":[{"id":51342,"href":"https:\/\/encuentroinformativo.com.mx\/index.php?rest_route=\/wp\/v2\/posts\/51339\/revisions\/51342"}],"wp:featuredmedia":[{"embeddable":true,"href":"https:\/\/encuentroinformativo.com.mx\/index.php?rest_route=\/wp\/v2\/media\/51341"}],"wp:attachment":[{"href":"https:\/\/encuentroinformativo.com.mx\/index.php?rest_route=%2Fwp%2Fv2%2Fmedia&parent=51339"}],"wp:term":[{"taxonomy":"category","embeddable":true,"href":"https:\/\/encuentroinformativo.com.mx\/index.php?rest_route=%2Fwp%2Fv2%2Fcategories&post=51339"},{"taxonomy":"post_tag","embeddable":true,"href":"https:\/\/encuentroinformativo.com.mx\/index.php?rest_route=%2Fwp%2Fv2%2Ftags&post=51339"}],"curies":[{"name":"wp","href":"https:\/\/api.w.org\/{rel}","templated":true}]}}