{"id":51346,"date":"2024-03-02T16:48:40","date_gmt":"2024-03-02T22:48:40","guid":{"rendered":"https:\/\/encuentroinformativo.com.mx\/?p=51346"},"modified":"2024-03-02T16:48:45","modified_gmt":"2024-03-02T22:48:45","slug":"con-movimiento-ciudadano-llegara-la-justicia-social-a-los-veracruzanos-dante-delgado","status":"publish","type":"post","link":"https:\/\/encuentroinformativo.com.mx\/?p=51346","title":{"rendered":"Con Movimiento Ciudadano llegar\u00e1 la justicia social a los veracruzanos: Dante Delgado"},"content":{"rendered":"\n<p><strong>Alejandro \u00c1vila<\/strong><\/p>\n\n\n\n<p>Veracruz, Ver.- Dante Delgado Morales, candidato de Movimiento Ciudadano al Senado por el estado de Veracruz, afirm\u00f3 que con el partido naranja llegar\u00e1 la justicia social para los veracruzanos.<\/p>\n\n\n\n<p>\u201cMinatitl\u00e1n y el sur de Veracruz es el vivo ejemplo de que los malos gobiernos emanados del PRIAN y de Morena han causado una verdadera tragedia en la que a pesar de que en esta ciudad y en esta zona hay de todo como r\u00edos, petr\u00f3leo, mar, industria y comercio, los ciudadanos tienen casi nada. Es incre\u00edble\u201d, subray\u00f3\u201d.<\/p>\n\n\n\n<p>De gira por el sur del estado de Veracruz, Dante Delgado Morales, insisti\u00f3 en que con Movimiento Ciudadano va a llegar la justicia social a los veracruzanos, \u201cporque ya estamos hartos de que todo pasa y nadie hace nada\u201d, dijo.&nbsp;<\/p>\n\n\n\n<p>\u201cAyer estuve en la zona de los tuxtlas y es la misma tragedia la que sus habitantes padecen: falta de empleos, inseguridad y problemas de salud. Los veracruzanos est\u00e1n en el olvido, a la buena de dios y eso no lo podemos seguir permitiendo\u201d, consider\u00f3.&nbsp;<\/p>\n\n\n\n<p>Dante Delgado Morales se\u00f1al\u00f3 que en sus recorridos de campa\u00f1a va a estar con la gente y sobre todo va a escucharla, \u201cporque el que escucha no se equivoca y anticip\u00f3 que con Movimiento Ciudadano va a llegar la justicia social a Veracruz. Que no quepa duda de eso\u201d, concluy\u00f3.<\/p>\n","protected":false},"excerpt":{"rendered":"<p>Alejandro \u00c1vila Veracruz, Ver.- Dante Delgado Morales, candidato de Movimiento Ciudadano al Senado por el estado de Veracruz, afirm\u00f3 que con el partido naranja llegar\u00e1 la justicia social para los veracruzanos. \u201cMinatitl\u00e1n y el sur de Veracruz es el vivo ejemplo de que los malos gobiernos emanados del PRIAN y de Morena han causado una [&hellip;]<\/p>\n","protected":false},"author":2476,"featured_media":51347,"comment_status":"open","ping_status":"open","sticky":false,"template":"","format":"standard","meta":{"_jetpack_memberships_contains_paid_content":false,"footnotes":""},"categories":[2],"tags":[],"class_list":["post-51346","post","type-post","status-publish","format-standard","has-post-thumbnail","hentry","category-estado"],"jetpack_featured_media_url":"https:\/\/encuentroinformativo.com.mx\/wp-content\/uploads\/2024\/03\/IMG-20240302-WA0061-scaled.jpg","jetpack_sharing_enabled":true,"jetpack_likes_enabled":true,"amp_enabled":true,"_links":{"self":[{"href":"https:\/\/encuentroinformativo.com.mx\/index.php?rest_route=\/wp\/v2\/posts\/51346","targetHints":{"allow":["GET"]}}],"collection":[{"href":"https:\/\/encuentroinformativo.com.mx\/index.php?rest_route=\/wp\/v2\/posts"}],"about":[{"href":"https:\/\/encuentroinformativo.com.mx\/index.php?rest_route=\/wp\/v2\/types\/post"}],"author":[{"embeddable":true,"href":"https:\/\/encuentroinformativo.com.mx\/index.php?rest_route=\/wp\/v2\/users\/2476"}],"replies":[{"embeddable":true,"href":"https:\/\/encuentroinformativo.com.mx\/index.php?rest_route=%2Fwp%2Fv2%2Fcomments&post=51346"}],"version-history":[{"count":1,"href":"https:\/\/encuentroinformativo.com.mx\/index.php?rest_route=\/wp\/v2\/posts\/51346\/revisions"}],"predecessor-version":[{"id":51348,"href":"https:\/\/encuentroinformativo.com.mx\/index.php?rest_route=\/wp\/v2\/posts\/51346\/revisions\/51348"}],"wp:featuredmedia":[{"embeddable":true,"href":"https:\/\/encuentroinformativo.com.mx\/index.php?rest_route=\/wp\/v2\/media\/51347"}],"wp:attachment":[{"href":"https:\/\/encuentroinformativo.com.mx\/index.php?rest_route=%2Fwp%2Fv2%2Fmedia&parent=51346"}],"wp:term":[{"taxonomy":"category","embeddable":true,"href":"https:\/\/encuentroinformativo.com.mx\/index.php?rest_route=%2Fwp%2Fv2%2Fcategories&post=51346"},{"taxonomy":"post_tag","embeddable":true,"href":"https:\/\/encuentroinformativo.com.mx\/index.php?rest_route=%2Fwp%2Fv2%2Ftags&post=51346"}],"curies":[{"name":"wp","href":"https:\/\/api.w.org\/{rel}","templated":true}]}}