{"id":51349,"date":"2024-03-02T17:35:35","date_gmt":"2024-03-02T23:35:35","guid":{"rendered":"https:\/\/encuentroinformativo.com.mx\/?p=51349"},"modified":"2024-03-02T17:35:41","modified_gmt":"2024-03-02T23:35:41","slug":"estamos-acostumbrados-a-ir-contra-corriente-manuel-huerta","status":"publish","type":"post","link":"https:\/\/encuentroinformativo.com.mx\/?p=51349","title":{"rendered":"Estamos acostumbrados a ir contra corriente: Manuel Huerta"},"content":{"rendered":"\n<p><strong>Alejandro \u00c1vila<\/strong><\/p>\n\n\n\n<p>Veracruz, Ver.- Manuel Huerta Ladr\u00f3n de Guevara, aspirante al Senado de la Rep\u00fablica por la Coalici\u00f3n &#8220;Sigamos Haciendo Historia&#8221;, afirm\u00f3 que hubo &#8220;ajuste&#8221; y&nbsp; no fue &#8220;degradado&#8221;, ni &#8220;bajado&#8221;, luego de que en el Instituto Nacional Electoral, publicara la listas de candidaturas al Senado y Claudia Tello, aparece en la primera f\u00f3rmula y \u00e9l en segunda.<\/p>\n\n\n\n<p>El proyecto es ganar las elecciones y se dijo un hombre que ha estado desde el origen del movimiento y siempre ha luchado contra corriente y desde atr\u00e1s.<\/p>\n\n\n\n<p>&#8220;Yo no siento que me hayan bajado, donde cuando vamos a ganar las mayor\u00edas. Yo pondr\u00eda una lectura al rev\u00e9s porque me permite lo que siempre he hecho, nosotros los originarios, los fundadores de este moviento, vamos contra corriente siempre e ir contra corriente siempre es empujar desde atr\u00e1s, no es por presumir pero siempre&nbsp; los \u00faltimos ser\u00e1n los primeros, siempre el qu\u00e9 resiste apoya y siempre he apoyado, tengo 44 a\u00f1os luchando por la transformaci\u00f3n&#8221;.<\/p>\n\n\n\n<p>No obstante, Manuel Huerta, asegur\u00f3 que pedir\u00e1 explicaci\u00f3n al INE del cambio en el orden y si el argumento es por equidad de g\u00e9nero esta en total acuerdo, pero conf\u00eda no haya mano negra, porque el Instituto no puede meterse en la vida pol\u00edtica de los partidos.<\/p>\n\n\n\n<p>Agreg\u00f3 que es su derecho y el de la sociedad conocer las razones para el ajuste.<\/p>\n\n\n\n<p>&#8220;A la sociedad hay que aclararle porque el criterio de ajuste, que no degradaci\u00f3n el de ajuste, ajuste en la f\u00f3rmula tiene que ver con un criterio de&nbsp; g\u00e9nero seg\u00fan el INE, seg\u00fan ellos lo aplicaron&nbsp; vamos a ver de qu\u00e9 manera lo aplicaron para que a la sociedad le quede claro, de convencer qu\u00e9 fue por el g\u00e9nero estoy de totalmente de acuerdo,&nbsp; no vaya ser que sea de mano negra y que pretendan en las narrativas empezar a usar esas palabras lo bajaron, lo degradaron, no, al contrario en \u00e9tica me permite decir v\u00e1monos con fuerza porque el orden de los factores no altera el producto&#8221;.<\/p>\n\n\n\n<p>Aunque algunos dice que la raz\u00f3n es &#8220;para que yo acelere m\u00e1s, de por s\u00ed tengo que ir acelerando y garantizar el triunfo de la consolidaci\u00f3n del plan &#8220;c&#8221;en Veracruz.<\/p>\n\n\n\n<p>Se\u00f1al\u00f3 que los contrincantes del PAN,PRI, PRD, ya est\u00e1n derrotados y ret\u00f3 a Miguel \u00c1ngel Yunes M\u00e1rquez a pasarse a la segunda f\u00f3rmula.<\/p>\n\n\n\n<p>&#8220;Nuestros contrincantes est\u00e1n moralmente derrotados con qu\u00e9 cara van a salir los pianistas que su principal exponente lo llevan en la segunda f\u00f3rmula que as\u00ed es para decirle &#8216;a ver te reto Miguel, pon el la segunda f\u00f3rmula en primera, b\u00e1jate para ver como dicen por ah\u00ed que como roncas duermes, claro que no lo van a hacer&#8221;.<\/p>\n\n\n\n<p>Agreg\u00f3 que el proyecto es &#8220;Claudia Sheimbaun&#8221; y es la que va a garantizar la continuidad de la Cuarta Transformaci\u00f3n.<\/p>\n","protected":false},"excerpt":{"rendered":"<p>Alejandro \u00c1vila Veracruz, Ver.- Manuel Huerta Ladr\u00f3n de Guevara, aspirante al Senado de la Rep\u00fablica por la Coalici\u00f3n &#8220;Sigamos Haciendo Historia&#8221;, afirm\u00f3 que hubo &#8220;ajuste&#8221; y&nbsp; no fue &#8220;degradado&#8221;, ni &#8220;bajado&#8221;, luego de que en el Instituto Nacional Electoral, publicara la listas de candidaturas al Senado y Claudia Tello, aparece en la primera f\u00f3rmula y [&hellip;]<\/p>\n","protected":false},"author":2476,"featured_media":51350,"comment_status":"open","ping_status":"open","sticky":false,"template":"","format":"standard","meta":{"_jetpack_memberships_contains_paid_content":false,"footnotes":""},"categories":[2],"tags":[],"class_list":["post-51349","post","type-post","status-publish","format-standard","has-post-thumbnail","hentry","category-estado"],"jetpack_featured_media_url":"https:\/\/encuentroinformativo.com.mx\/wp-content\/uploads\/2024\/03\/IMG-20240302-WA0060.jpg","jetpack_sharing_enabled":true,"jetpack_likes_enabled":true,"amp_enabled":true,"_links":{"self":[{"href":"https:\/\/encuentroinformativo.com.mx\/index.php?rest_route=\/wp\/v2\/posts\/51349","targetHints":{"allow":["GET"]}}],"collection":[{"href":"https:\/\/encuentroinformativo.com.mx\/index.php?rest_route=\/wp\/v2\/posts"}],"about":[{"href":"https:\/\/encuentroinformativo.com.mx\/index.php?rest_route=\/wp\/v2\/types\/post"}],"author":[{"embeddable":true,"href":"https:\/\/encuentroinformativo.com.mx\/index.php?rest_route=\/wp\/v2\/users\/2476"}],"replies":[{"embeddable":true,"href":"https:\/\/encuentroinformativo.com.mx\/index.php?rest_route=%2Fwp%2Fv2%2Fcomments&post=51349"}],"version-history":[{"count":1,"href":"https:\/\/encuentroinformativo.com.mx\/index.php?rest_route=\/wp\/v2\/posts\/51349\/revisions"}],"predecessor-version":[{"id":51351,"href":"https:\/\/encuentroinformativo.com.mx\/index.php?rest_route=\/wp\/v2\/posts\/51349\/revisions\/51351"}],"wp:featuredmedia":[{"embeddable":true,"href":"https:\/\/encuentroinformativo.com.mx\/index.php?rest_route=\/wp\/v2\/media\/51350"}],"wp:attachment":[{"href":"https:\/\/encuentroinformativo.com.mx\/index.php?rest_route=%2Fwp%2Fv2%2Fmedia&parent=51349"}],"wp:term":[{"taxonomy":"category","embeddable":true,"href":"https:\/\/encuentroinformativo.com.mx\/index.php?rest_route=%2Fwp%2Fv2%2Fcategories&post=51349"},{"taxonomy":"post_tag","embeddable":true,"href":"https:\/\/encuentroinformativo.com.mx\/index.php?rest_route=%2Fwp%2Fv2%2Ftags&post=51349"}],"curies":[{"name":"wp","href":"https:\/\/api.w.org\/{rel}","templated":true}]}}