{"id":51355,"date":"2024-03-02T19:41:05","date_gmt":"2024-03-03T01:41:05","guid":{"rendered":"https:\/\/encuentroinformativo.com.mx\/?p=51355"},"modified":"2024-03-02T19:41:09","modified_gmt":"2024-03-03T01:41:09","slug":"de-visita-relampago-lopez-obrador-en-xalapa","status":"publish","type":"post","link":"https:\/\/encuentroinformativo.com.mx\/?p=51355","title":{"rendered":"De visita rel\u00e1mpago, L\u00f3pez Obrador en Xalapa"},"content":{"rendered":"\n<p><strong>Dar\u00edo Pale <\/strong><\/p>\n\n\n\n<p>Xalapa, Ver.- En una visita rel\u00e1mpago a la ciudad de Xalapa se reuni\u00f3 en privado en la Secretar\u00eda de Salud con Zo\u00e9 Robledo, el gobernador Cuitl\u00e1huac Garc\u00eda, Jos\u00e9 Luis Lima, entre otros.<\/p>\n\n\n\n<p>La tarde de este s\u00e1bado, estuvo en Xalapa el presidente Andr\u00e9s Manuel L\u00f3pez Obrador, quien se reuni\u00f3 en privado con el gobernador Cuitl\u00e1huac Garc\u00eda Jim\u00e9nez y el director del IMSS, Zo\u00e9 Robledo.<\/p>\n\n\n\n<p>Las calles aleda\u00f1as al Centro Estatal de Cancerolog\u00eda (CECAN), desde Soconusco, Aguascalientes y Saltillo fueron cerradas por elementos de Tr\u00e1nsito del Estado, mientras que en las inmediaciones hab\u00eda carros y camionetas del Ej\u00e9rcito Mexicano y de la Guardia Nacional.<\/p>\n\n\n\n<p>Diversos funcionarios del gabinete como el secretario de Finanzas y Planeaci\u00f3n, Jos\u00e9 Luis Lima Franco, fueron vistos caminando, lo mismo que el Gobernador, quien se atraves\u00f3 caminando hacia el estacionamiento que se encuentra sobre la calle Aguascalientes, frente a las oficinas centrales de la Secretar\u00eda de Salud.<\/p>\n\n\n\n<p>Zo\u00e9 Robledo y otros servidores p\u00fablicos salieron en camionetas blancas, mientras que el convoy del Presidente iba resguardado por camionetas del Ej\u00e9rcito.<\/p>\n","protected":false},"excerpt":{"rendered":"<p>Dar\u00edo Pale Xalapa, Ver.- En una visita rel\u00e1mpago a la ciudad de Xalapa se reuni\u00f3 en privado en la Secretar\u00eda de Salud con Zo\u00e9 Robledo, el gobernador Cuitl\u00e1huac Garc\u00eda, Jos\u00e9 Luis Lima, entre otros. La tarde de este s\u00e1bado, estuvo en Xalapa el presidente Andr\u00e9s Manuel L\u00f3pez Obrador, quien se reuni\u00f3 en privado con el [&hellip;]<\/p>\n","protected":false},"author":2476,"featured_media":51356,"comment_status":"open","ping_status":"open","sticky":false,"template":"","format":"standard","meta":{"_jetpack_memberships_contains_paid_content":false,"footnotes":""},"categories":[2],"tags":[],"class_list":["post-51355","post","type-post","status-publish","format-standard","has-post-thumbnail","hentry","category-estado"],"jetpack_featured_media_url":"https:\/\/encuentroinformativo.com.mx\/wp-content\/uploads\/2024\/03\/IMG-20240302-WA0072.jpg","jetpack_sharing_enabled":true,"jetpack_likes_enabled":true,"amp_enabled":true,"_links":{"self":[{"href":"https:\/\/encuentroinformativo.com.mx\/index.php?rest_route=\/wp\/v2\/posts\/51355","targetHints":{"allow":["GET"]}}],"collection":[{"href":"https:\/\/encuentroinformativo.com.mx\/index.php?rest_route=\/wp\/v2\/posts"}],"about":[{"href":"https:\/\/encuentroinformativo.com.mx\/index.php?rest_route=\/wp\/v2\/types\/post"}],"author":[{"embeddable":true,"href":"https:\/\/encuentroinformativo.com.mx\/index.php?rest_route=\/wp\/v2\/users\/2476"}],"replies":[{"embeddable":true,"href":"https:\/\/encuentroinformativo.com.mx\/index.php?rest_route=%2Fwp%2Fv2%2Fcomments&post=51355"}],"version-history":[{"count":1,"href":"https:\/\/encuentroinformativo.com.mx\/index.php?rest_route=\/wp\/v2\/posts\/51355\/revisions"}],"predecessor-version":[{"id":51357,"href":"https:\/\/encuentroinformativo.com.mx\/index.php?rest_route=\/wp\/v2\/posts\/51355\/revisions\/51357"}],"wp:featuredmedia":[{"embeddable":true,"href":"https:\/\/encuentroinformativo.com.mx\/index.php?rest_route=\/wp\/v2\/media\/51356"}],"wp:attachment":[{"href":"https:\/\/encuentroinformativo.com.mx\/index.php?rest_route=%2Fwp%2Fv2%2Fmedia&parent=51355"}],"wp:term":[{"taxonomy":"category","embeddable":true,"href":"https:\/\/encuentroinformativo.com.mx\/index.php?rest_route=%2Fwp%2Fv2%2Fcategories&post=51355"},{"taxonomy":"post_tag","embeddable":true,"href":"https:\/\/encuentroinformativo.com.mx\/index.php?rest_route=%2Fwp%2Fv2%2Ftags&post=51355"}],"curies":[{"name":"wp","href":"https:\/\/api.w.org\/{rel}","templated":true}]}}