{"id":51365,"date":"2024-03-03T14:52:41","date_gmt":"2024-03-03T20:52:41","guid":{"rendered":"https:\/\/encuentroinformativo.com.mx\/?p=51365"},"modified":"2024-03-03T14:52:48","modified_gmt":"2024-03-03T20:52:48","slug":"morenistas-buscan-cobijo-en-mc-tras-ser-ignorados-polo-deschamps","status":"publish","type":"post","link":"https:\/\/encuentroinformativo.com.mx\/?p=51365","title":{"rendered":"Morenistas buscan cobijo en MC tras ser ignorados: Polo Deschamps"},"content":{"rendered":"\n<p><strong>Alejandro \u00c1vila<\/strong><\/p>\n\n\n\n<p>Boca del R\u00edo, Ver.- Aspirantes a candidaturas en Morena y militantes que los llevaron a ganar en 2018, est\u00e1n buscando el cobijo de Movimiento Ciudadano tras ser ignorados por los dirigentes de este instituto pol\u00edtico, se\u00f1al\u00f3 el aspirante a la gubernatura de Veracruz, Polo Deschamps.<\/p>\n\n\n\n<p>&#8220;No tiene ni idea de la cantidad de aspirantes que se han acercado al proyecto de Movimiento Ciudadano y a un servidor para buscar espacios, ya no les da tiempo en esta, pero s\u00ed por ejemplo para el 2025 de las alcald\u00edas, porque est\u00e1n haciendo a un lado a la gente que estuvo trabajando con ellos durante muchos a\u00f1os, que se pusieron la camiseta, que apostaron por ellos y se arriesgaron y hoy en d\u00eda no est\u00e1n siendo tomados en cuenta&#8221;, expres\u00f3 en entrevista concedida en conocido caf\u00e9.<\/p>\n\n\n\n<p>El ex alcalde de Medell\u00edn dijo que todos estos aspirantes a cargo p\u00fablico, ven en Movimiento Ciudadano al partido con mayor crecimiento y el cual s\u00ed respetar\u00e1 el trabajo realizado en campo.<\/p>\n\n\n\n<p>&#8220;En Movimiento Ciudadano hay cola para buscar candidaturas, en el Frente ahorita est\u00e1n batallando en tenerlas, han buscado inclusive a candidatos de Movimiento Ciudadano para que participaran con ellos y obviamente les han dicho que no. Entonces, es una crisis pol\u00edtica que est\u00e1n sufriendo los otros partidos de enfrente, a diferencia de lo que est\u00e1 viviendo Movimiento Ciudadano en Veracruz&#8221;, subray\u00f3.<\/p>\n\n\n\n<p>Polo Deschamps dijo que se espera una desbandada mayor de los partidos tradicionales, toda vez que no est\u00e1n cumpliendo los compromisos.<\/p>\n\n\n\n<p>&#8220;Ahorita lo acabamos de ver en el Senado, bajaron de repente Manuel Huerta que ya se sent\u00eda en primer lugar y ya lo bajaron a segundo lugar, y esos movimientos que est\u00e1n haciendo tan bruscos y en ocasiones sin sentido para ellos, obviamente est\u00e1n empezando a ver otras opciones y la \u00fanica tercera opci\u00f3n es Movimiento Ciudadano&#8221;, culmin\u00f3.<\/p>\n","protected":false},"excerpt":{"rendered":"<p>Alejandro \u00c1vila Boca del R\u00edo, Ver.- Aspirantes a candidaturas en Morena y militantes que los llevaron a ganar en 2018, est\u00e1n buscando el cobijo de Movimiento Ciudadano tras ser ignorados por los dirigentes de este instituto pol\u00edtico, se\u00f1al\u00f3 el aspirante a la gubernatura de Veracruz, Polo Deschamps. &#8220;No tiene ni idea de la cantidad de [&hellip;]<\/p>\n","protected":false},"author":2476,"featured_media":51367,"comment_status":"open","ping_status":"open","sticky":false,"template":"","format":"standard","meta":{"_jetpack_memberships_contains_paid_content":false,"footnotes":""},"categories":[2],"tags":[],"class_list":["post-51365","post","type-post","status-publish","format-standard","has-post-thumbnail","hentry","category-estado"],"jetpack_featured_media_url":"https:\/\/encuentroinformativo.com.mx\/wp-content\/uploads\/2024\/03\/IMG-20240303-WA00062.jpg","jetpack_sharing_enabled":true,"jetpack_likes_enabled":true,"amp_enabled":true,"_links":{"self":[{"href":"https:\/\/encuentroinformativo.com.mx\/index.php?rest_route=\/wp\/v2\/posts\/51365","targetHints":{"allow":["GET"]}}],"collection":[{"href":"https:\/\/encuentroinformativo.com.mx\/index.php?rest_route=\/wp\/v2\/posts"}],"about":[{"href":"https:\/\/encuentroinformativo.com.mx\/index.php?rest_route=\/wp\/v2\/types\/post"}],"author":[{"embeddable":true,"href":"https:\/\/encuentroinformativo.com.mx\/index.php?rest_route=\/wp\/v2\/users\/2476"}],"replies":[{"embeddable":true,"href":"https:\/\/encuentroinformativo.com.mx\/index.php?rest_route=%2Fwp%2Fv2%2Fcomments&post=51365"}],"version-history":[{"count":1,"href":"https:\/\/encuentroinformativo.com.mx\/index.php?rest_route=\/wp\/v2\/posts\/51365\/revisions"}],"predecessor-version":[{"id":51368,"href":"https:\/\/encuentroinformativo.com.mx\/index.php?rest_route=\/wp\/v2\/posts\/51365\/revisions\/51368"}],"wp:featuredmedia":[{"embeddable":true,"href":"https:\/\/encuentroinformativo.com.mx\/index.php?rest_route=\/wp\/v2\/media\/51367"}],"wp:attachment":[{"href":"https:\/\/encuentroinformativo.com.mx\/index.php?rest_route=%2Fwp%2Fv2%2Fmedia&parent=51365"}],"wp:term":[{"taxonomy":"category","embeddable":true,"href":"https:\/\/encuentroinformativo.com.mx\/index.php?rest_route=%2Fwp%2Fv2%2Fcategories&post=51365"},{"taxonomy":"post_tag","embeddable":true,"href":"https:\/\/encuentroinformativo.com.mx\/index.php?rest_route=%2Fwp%2Fv2%2Ftags&post=51365"}],"curies":[{"name":"wp","href":"https:\/\/api.w.org\/{rel}","templated":true}]}}