{"id":51369,"date":"2024-03-03T14:57:04","date_gmt":"2024-03-03T20:57:04","guid":{"rendered":"https:\/\/encuentroinformativo.com.mx\/?p=51369"},"modified":"2024-03-03T14:57:09","modified_gmt":"2024-03-03T20:57:09","slug":"alistan-marchas-en-defensa-del-agua","status":"publish","type":"post","link":"https:\/\/encuentroinformativo.com.mx\/?p=51369","title":{"rendered":"Alistan marchas en defensa del agua"},"content":{"rendered":"\n<p><strong>Juan Arcos <\/strong><\/p>\n\n\n\n<p>Xalapa, Ver.- Diversas organizaciones ambientalistas se prepararan para una serie de movilizaciones en defensa del agua, en el estado de Veracruz y, sobre todo, en la capital.<\/p>\n\n\n\n<p>El evento donde se espera la mayor participaci\u00f3n de personas es una marcha que se realizar\u00e1 el 15 de marzo en Xalapa, en el marco del D\u00eda Mundial del Agua.<\/p>\n\n\n\n<p>De acuerdo con Alejandro Gallardo, integrante de la organizaci\u00f3n Pueblos Unidos de la Cuenca Antigua por los R\u00edos Libres (Pucarl), la caminata ser\u00e1 a las 9:00 horas desde las inmediaciones de la Iniciativa Municipal de Arte y Cultura (IMAC) hacia Palacio de Gobierno.<\/p>\n\n\n\n<p>Tambi\u00e9n se contempla un evento informativo y cultural que se realizar\u00e1 en la Casa del Lago de la Universidad Veracruzana (UV).<\/p>\n\n\n\n<p>Se dar\u00e1 a conocer a la poblaci\u00f3n el porqu\u00e9 de hacer conciencia para la conservaci\u00f3n y protecci\u00f3n de los recursos h\u00eddricos.<\/p>\n\n\n\n<p>Tambi\u00e9n se proporcionar\u00e1 informaci\u00f3n sobre el rechazo al \u201cextractivismo\u201d y la privatizaci\u00f3n del agua en las distintas regiones de la entidad.<\/p>\n\n\n\n<p>\u201cLa idea es salir de la zona del IMAC que es una zona donde hay un r\u00edo y pasar por los Tecajetes donde hay un nacimiento de agua hasta llegar a la Plaza Lerdo donde se pretende dar lectura, donde participen diferentes colectivos y hagan pronunciamientos no solo en el tema del agua si no en otros temas que son transversales y dar pluralidad\u201d, coment\u00f3 Alejandro.<\/p>\n\n\n\n<p>Cabe recordar que el D\u00eda Mundial del Agua fue proclamado por la Organizaci\u00f3n de las Naciones Unidas (ONU) en 1992.<\/p>\n","protected":false},"excerpt":{"rendered":"<p>Juan Arcos Xalapa, Ver.- Diversas organizaciones ambientalistas se prepararan para una serie de movilizaciones en defensa del agua, en el estado de Veracruz y, sobre todo, en la capital. El evento donde se espera la mayor participaci\u00f3n de personas es una marcha que se realizar\u00e1 el 15 de marzo en Xalapa, en el marco del [&hellip;]<\/p>\n","protected":false},"author":2476,"featured_media":51370,"comment_status":"open","ping_status":"open","sticky":false,"template":"","format":"standard","meta":{"_jetpack_memberships_contains_paid_content":false,"footnotes":""},"categories":[3],"tags":[],"class_list":["post-51369","post","type-post","status-publish","format-standard","has-post-thumbnail","hentry","category-xalapa"],"jetpack_featured_media_url":"https:\/\/encuentroinformativo.com.mx\/wp-content\/uploads\/2024\/03\/IMG_7772.jpg","jetpack_sharing_enabled":true,"jetpack_likes_enabled":true,"amp_enabled":true,"_links":{"self":[{"href":"https:\/\/encuentroinformativo.com.mx\/index.php?rest_route=\/wp\/v2\/posts\/51369","targetHints":{"allow":["GET"]}}],"collection":[{"href":"https:\/\/encuentroinformativo.com.mx\/index.php?rest_route=\/wp\/v2\/posts"}],"about":[{"href":"https:\/\/encuentroinformativo.com.mx\/index.php?rest_route=\/wp\/v2\/types\/post"}],"author":[{"embeddable":true,"href":"https:\/\/encuentroinformativo.com.mx\/index.php?rest_route=\/wp\/v2\/users\/2476"}],"replies":[{"embeddable":true,"href":"https:\/\/encuentroinformativo.com.mx\/index.php?rest_route=%2Fwp%2Fv2%2Fcomments&post=51369"}],"version-history":[{"count":1,"href":"https:\/\/encuentroinformativo.com.mx\/index.php?rest_route=\/wp\/v2\/posts\/51369\/revisions"}],"predecessor-version":[{"id":51371,"href":"https:\/\/encuentroinformativo.com.mx\/index.php?rest_route=\/wp\/v2\/posts\/51369\/revisions\/51371"}],"wp:featuredmedia":[{"embeddable":true,"href":"https:\/\/encuentroinformativo.com.mx\/index.php?rest_route=\/wp\/v2\/media\/51370"}],"wp:attachment":[{"href":"https:\/\/encuentroinformativo.com.mx\/index.php?rest_route=%2Fwp%2Fv2%2Fmedia&parent=51369"}],"wp:term":[{"taxonomy":"category","embeddable":true,"href":"https:\/\/encuentroinformativo.com.mx\/index.php?rest_route=%2Fwp%2Fv2%2Fcategories&post=51369"},{"taxonomy":"post_tag","embeddable":true,"href":"https:\/\/encuentroinformativo.com.mx\/index.php?rest_route=%2Fwp%2Fv2%2Ftags&post=51369"}],"curies":[{"name":"wp","href":"https:\/\/api.w.org\/{rel}","templated":true}]}}