{"id":51375,"date":"2024-03-03T15:06:15","date_gmt":"2024-03-03T21:06:15","guid":{"rendered":"https:\/\/encuentroinformativo.com.mx\/?p=51375"},"modified":"2024-03-03T15:06:22","modified_gmt":"2024-03-03T21:06:22","slug":"con-gran-caminata-inicia-campana-javier-velazquez","status":"publish","type":"post","link":"https:\/\/encuentroinformativo.com.mx\/?p=51375","title":{"rendered":"Con Gran Caminata inicia campa\u00f1a Javier Vel\u00e1zquez"},"content":{"rendered":"\n<p><strong>*M\u00e1s de 2 mil personas se dieron cita<\/strong>.<\/p>\n\n\n\n<p><strong>*Unidos Todos Estuvo presente<\/strong>.<\/p>\n\n\n\n<p>Tuxpan, Ver.- Encabezando una gran caminata por las calles de este municipio y flanqueado por el maestro Eleazar Guerrero P\u00e9rez, dio el banderazo de inicio de su campa\u00f1a por la diputaci\u00f3n federal por el distrito V de Poza Rica, Ing. Javier Vel\u00e1zquez Vallejo.<\/p>\n\n\n\n<p>M\u00e1s de 2 mil asistentes mostraron su apoyo hacia el abanderado de la coalici\u00f3n \u201cJuntos haremos historia\u201d, quien dijo sentirse contento y motivado para caminar por cada una de las ciudades, congregaciones o localidades que comprenden este distrito electoral en el norte de Veracruz.<\/p>\n\n\n\n<p>En su discurso Javier Vel\u00e1zquez reiter\u00f3 su compromiso por mejorar las condiciones de vida de las y los ciudadanos de Tamiahua, Tihuatl\u00e1n, Poza Rica y Tuxpan; subrayando que su campa\u00f1a estar\u00e1 enfocada en escuchar y atender el clamor de la gente quien pide un mejor Veracruz.<\/p>\n\n\n\n<p>Por \u00faltimo agradeci\u00f3 la oportunidad que su partido le brinda al elegirlo junto con su compa\u00f1ero de f\u00f3rmula para ocupar un esca\u00f1o en la pr\u00f3ximo legislatura; adem\u00e1s de mostrarse congratulado por el respaldo que Unidos Todos, junto con su l\u00edder Eleazar Guerrero P\u00e9rez candidato a diputado plurinomimal y miles de veracruzanos le muestran, lo cual dijo lo motiva para seguir avanzando, trabajando y dando continuidad a esta Cuarta Transformaci\u00f3n de M\u00e9xico.<\/p>\n","protected":false},"excerpt":{"rendered":"<p>*M\u00e1s de 2 mil personas se dieron cita. *Unidos Todos Estuvo presente. Tuxpan, Ver.- Encabezando una gran caminata por las calles de este municipio y flanqueado por el maestro Eleazar Guerrero P\u00e9rez, dio el banderazo de inicio de su campa\u00f1a por la diputaci\u00f3n federal por el distrito V de Poza Rica, Ing. Javier Vel\u00e1zquez Vallejo. [&hellip;]<\/p>\n","protected":false},"author":2476,"featured_media":51376,"comment_status":"open","ping_status":"open","sticky":false,"template":"","format":"standard","meta":{"_jetpack_memberships_contains_paid_content":false,"footnotes":""},"categories":[2],"tags":[],"class_list":["post-51375","post","type-post","status-publish","format-standard","has-post-thumbnail","hentry","category-estado"],"jetpack_featured_media_url":"https:\/\/encuentroinformativo.com.mx\/wp-content\/uploads\/2024\/03\/IMG-20240303-WA0048-scaled.jpg","jetpack_sharing_enabled":true,"jetpack_likes_enabled":true,"amp_enabled":true,"_links":{"self":[{"href":"https:\/\/encuentroinformativo.com.mx\/index.php?rest_route=\/wp\/v2\/posts\/51375","targetHints":{"allow":["GET"]}}],"collection":[{"href":"https:\/\/encuentroinformativo.com.mx\/index.php?rest_route=\/wp\/v2\/posts"}],"about":[{"href":"https:\/\/encuentroinformativo.com.mx\/index.php?rest_route=\/wp\/v2\/types\/post"}],"author":[{"embeddable":true,"href":"https:\/\/encuentroinformativo.com.mx\/index.php?rest_route=\/wp\/v2\/users\/2476"}],"replies":[{"embeddable":true,"href":"https:\/\/encuentroinformativo.com.mx\/index.php?rest_route=%2Fwp%2Fv2%2Fcomments&post=51375"}],"version-history":[{"count":1,"href":"https:\/\/encuentroinformativo.com.mx\/index.php?rest_route=\/wp\/v2\/posts\/51375\/revisions"}],"predecessor-version":[{"id":51377,"href":"https:\/\/encuentroinformativo.com.mx\/index.php?rest_route=\/wp\/v2\/posts\/51375\/revisions\/51377"}],"wp:featuredmedia":[{"embeddable":true,"href":"https:\/\/encuentroinformativo.com.mx\/index.php?rest_route=\/wp\/v2\/media\/51376"}],"wp:attachment":[{"href":"https:\/\/encuentroinformativo.com.mx\/index.php?rest_route=%2Fwp%2Fv2%2Fmedia&parent=51375"}],"wp:term":[{"taxonomy":"category","embeddable":true,"href":"https:\/\/encuentroinformativo.com.mx\/index.php?rest_route=%2Fwp%2Fv2%2Fcategories&post=51375"},{"taxonomy":"post_tag","embeddable":true,"href":"https:\/\/encuentroinformativo.com.mx\/index.php?rest_route=%2Fwp%2Fv2%2Ftags&post=51375"}],"curies":[{"name":"wp","href":"https:\/\/api.w.org\/{rel}","templated":true}]}}