{"id":51378,"date":"2024-03-03T15:10:44","date_gmt":"2024-03-03T21:10:44","guid":{"rendered":"https:\/\/encuentroinformativo.com.mx\/?p=51378"},"modified":"2024-03-03T15:10:51","modified_gmt":"2024-03-03T21:10:51","slug":"con-misa-celebran-primer-aniversario-de-memorial-de-desaparecidos","status":"publish","type":"post","link":"https:\/\/encuentroinformativo.com.mx\/?p=51378","title":{"rendered":"Con misa, celebran primer aniversario de Memorial de Desaparecidos"},"content":{"rendered":"\n<p><strong>Juan Arcos <\/strong><\/p>\n\n\n\n<p>Xalapa, Ver.- A un a\u00f1o de la inauguraci\u00f3n del \u201cMemorial de Desaparecidos\u201d en la capital del estado, integrantes del colectivo Familiares Enlaces Xalapa organizaron y celebraron una misa para pedir por sus seres queridos ausentes.<\/p>\n\n\n\n<p>En la actividad tambi\u00e9n participaron miembros de otros colectivos de b\u00fasqueda del estado de Veracruz, para rezar por sus madres, padres, t\u00edas, t\u00edos, hijas, hijos, sobrinas, sobrinos y dem\u00e1s parientes que a\u00fan no han sido localizados.<\/p>\n\n\n\n<p>El memorial fue inaugurado el 2 de marzo de 2023 con decenas de fotograf\u00edas de personas extraviadas en distintos lugares de la entidad.<\/p>\n\n\n\n<p>La estructura met\u00e1lica en forma de puente peatonal, color rojo, fue construida sobre la glorieta de las avenidas Orizaba y Xalapa, y que forma parte del parque \u201cRafael Hern\u00e1ndez Ochoa\u201d, de la colonia Obrero Campesina.<\/p>\n\n\n\n<p>De acuerdo con Victoria Delgadillo Romero, integrante del colectivo mencionado, el memorial representa el proceso de una desaparici\u00f3n, la b\u00fasqueda y las dificultades burocr\u00e1ticas a las que se enfrentan las familias.<\/p>\n\n\n\n<p>Fue construido con fortaleza en sus bases para soportar el peso de un problema nacional tan grave, como lo son las desapariciones. Adem\u00e1s, las escaleras simbolizan el peregrinar de las familias, que se topan con todo el sistema burocr\u00e1tico que merma la b\u00fasqueda por parte de las instituciones.<\/p>\n\n\n\n<p>Victoria busca a su hija Yunery Citlally Hern\u00e1ndez Delgadillo, desaparecida desde noviembre de 2011, junto con otras j\u00f3venes que hab\u00edan sido invitadas a un evento y nunca volvieron.<\/p>\n","protected":false},"excerpt":{"rendered":"<p>Juan Arcos Xalapa, Ver.- A un a\u00f1o de la inauguraci\u00f3n del \u201cMemorial de Desaparecidos\u201d en la capital del estado, integrantes del colectivo Familiares Enlaces Xalapa organizaron y celebraron una misa para pedir por sus seres queridos ausentes. En la actividad tambi\u00e9n participaron miembros de otros colectivos de b\u00fasqueda del estado de Veracruz, para rezar por [&hellip;]<\/p>\n","protected":false},"author":2476,"featured_media":51379,"comment_status":"open","ping_status":"open","sticky":false,"template":"","format":"standard","meta":{"_jetpack_memberships_contains_paid_content":false,"footnotes":""},"categories":[3],"tags":[],"class_list":["post-51378","post","type-post","status-publish","format-standard","has-post-thumbnail","hentry","category-xalapa"],"jetpack_featured_media_url":"https:\/\/encuentroinformativo.com.mx\/wp-content\/uploads\/2024\/03\/IMG_9611.jpg","jetpack_sharing_enabled":true,"jetpack_likes_enabled":true,"amp_enabled":true,"_links":{"self":[{"href":"https:\/\/encuentroinformativo.com.mx\/index.php?rest_route=\/wp\/v2\/posts\/51378","targetHints":{"allow":["GET"]}}],"collection":[{"href":"https:\/\/encuentroinformativo.com.mx\/index.php?rest_route=\/wp\/v2\/posts"}],"about":[{"href":"https:\/\/encuentroinformativo.com.mx\/index.php?rest_route=\/wp\/v2\/types\/post"}],"author":[{"embeddable":true,"href":"https:\/\/encuentroinformativo.com.mx\/index.php?rest_route=\/wp\/v2\/users\/2476"}],"replies":[{"embeddable":true,"href":"https:\/\/encuentroinformativo.com.mx\/index.php?rest_route=%2Fwp%2Fv2%2Fcomments&post=51378"}],"version-history":[{"count":1,"href":"https:\/\/encuentroinformativo.com.mx\/index.php?rest_route=\/wp\/v2\/posts\/51378\/revisions"}],"predecessor-version":[{"id":51380,"href":"https:\/\/encuentroinformativo.com.mx\/index.php?rest_route=\/wp\/v2\/posts\/51378\/revisions\/51380"}],"wp:featuredmedia":[{"embeddable":true,"href":"https:\/\/encuentroinformativo.com.mx\/index.php?rest_route=\/wp\/v2\/media\/51379"}],"wp:attachment":[{"href":"https:\/\/encuentroinformativo.com.mx\/index.php?rest_route=%2Fwp%2Fv2%2Fmedia&parent=51378"}],"wp:term":[{"taxonomy":"category","embeddable":true,"href":"https:\/\/encuentroinformativo.com.mx\/index.php?rest_route=%2Fwp%2Fv2%2Fcategories&post=51378"},{"taxonomy":"post_tag","embeddable":true,"href":"https:\/\/encuentroinformativo.com.mx\/index.php?rest_route=%2Fwp%2Fv2%2Ftags&post=51378"}],"curies":[{"name":"wp","href":"https:\/\/api.w.org\/{rel}","templated":true}]}}