{"id":51393,"date":"2024-03-04T11:31:11","date_gmt":"2024-03-04T17:31:11","guid":{"rendered":"https:\/\/encuentroinformativo.com.mx\/?p=51393"},"modified":"2024-03-04T11:31:16","modified_gmt":"2024-03-04T17:31:16","slug":"por-falta-de-docentes-toman-telesecundaria-en-san-rafael","status":"publish","type":"post","link":"https:\/\/encuentroinformativo.com.mx\/?p=51393","title":{"rendered":"Por falta de docentes, toman Telesecundaria en San Rafael"},"content":{"rendered":"\n<p><strong>Alejandro \u00c1vila<\/strong><\/p>\n\n\n\n<p>San Rafael, Ver.- La escuela telesecundaria ubicada en la localidad de El Cabellal en el municipio de San Rafael, fue tomada la ma\u00f1ana de este lunes por padres de familia quienes acusan tienen casi un a\u00f1o sin docente.<\/p>\n\n\n\n<p>Los inconformes acusaron a la Secretar\u00eda de Educaci\u00f3n de Veracruz (SEV) de hacer caso omiso a los oficios que han metido desde hace varios meses.<\/p>\n\n\n\n<p>Por su parte, los alumnos expusieron que en abril del a\u00f1o pasado uno de los docentes pidi\u00f3 un permiso oficial, y desde esa fecha la dependencia estatal se comprometi\u00f3 a enviar a un suplente; sin embargo, es el momento en el que todav\u00eda no se presenta.<\/p>\n\n\n\n<p>Los manifestantes aseguraron que la toma de las instalaciones continuar\u00e1 hasta que obtengan una respuesta favorable de la Secretar\u00eda de Educaci\u00f3n de Veracruz, y en caso de continuar con la falta de docente podr\u00edan tomar la carretera federal a la altura de Mart\u00ednez de la Torre.<\/p>\n","protected":false},"excerpt":{"rendered":"<p>Alejandro \u00c1vila San Rafael, Ver.- La escuela telesecundaria ubicada en la localidad de El Cabellal en el municipio de San Rafael, fue tomada la ma\u00f1ana de este lunes por padres de familia quienes acusan tienen casi un a\u00f1o sin docente. Los inconformes acusaron a la Secretar\u00eda de Educaci\u00f3n de Veracruz (SEV) de hacer caso omiso [&hellip;]<\/p>\n","protected":false},"author":2476,"featured_media":51394,"comment_status":"open","ping_status":"open","sticky":false,"template":"","format":"standard","meta":{"_jetpack_memberships_contains_paid_content":false,"footnotes":""},"categories":[2],"tags":[],"class_list":["post-51393","post","type-post","status-publish","format-standard","has-post-thumbnail","hentry","category-estado"],"jetpack_featured_media_url":"https:\/\/encuentroinformativo.com.mx\/wp-content\/uploads\/2024\/03\/IMG-20240304-WA0005.jpg","jetpack_sharing_enabled":true,"jetpack_likes_enabled":true,"amp_enabled":true,"_links":{"self":[{"href":"https:\/\/encuentroinformativo.com.mx\/index.php?rest_route=\/wp\/v2\/posts\/51393","targetHints":{"allow":["GET"]}}],"collection":[{"href":"https:\/\/encuentroinformativo.com.mx\/index.php?rest_route=\/wp\/v2\/posts"}],"about":[{"href":"https:\/\/encuentroinformativo.com.mx\/index.php?rest_route=\/wp\/v2\/types\/post"}],"author":[{"embeddable":true,"href":"https:\/\/encuentroinformativo.com.mx\/index.php?rest_route=\/wp\/v2\/users\/2476"}],"replies":[{"embeddable":true,"href":"https:\/\/encuentroinformativo.com.mx\/index.php?rest_route=%2Fwp%2Fv2%2Fcomments&post=51393"}],"version-history":[{"count":1,"href":"https:\/\/encuentroinformativo.com.mx\/index.php?rest_route=\/wp\/v2\/posts\/51393\/revisions"}],"predecessor-version":[{"id":51395,"href":"https:\/\/encuentroinformativo.com.mx\/index.php?rest_route=\/wp\/v2\/posts\/51393\/revisions\/51395"}],"wp:featuredmedia":[{"embeddable":true,"href":"https:\/\/encuentroinformativo.com.mx\/index.php?rest_route=\/wp\/v2\/media\/51394"}],"wp:attachment":[{"href":"https:\/\/encuentroinformativo.com.mx\/index.php?rest_route=%2Fwp%2Fv2%2Fmedia&parent=51393"}],"wp:term":[{"taxonomy":"category","embeddable":true,"href":"https:\/\/encuentroinformativo.com.mx\/index.php?rest_route=%2Fwp%2Fv2%2Fcategories&post=51393"},{"taxonomy":"post_tag","embeddable":true,"href":"https:\/\/encuentroinformativo.com.mx\/index.php?rest_route=%2Fwp%2Fv2%2Ftags&post=51393"}],"curies":[{"name":"wp","href":"https:\/\/api.w.org\/{rel}","templated":true}]}}