{"id":51408,"date":"2024-03-04T12:44:17","date_gmt":"2024-03-04T18:44:17","guid":{"rendered":"https:\/\/encuentroinformativo.com.mx\/?p=51408"},"modified":"2024-03-04T12:44:22","modified_gmt":"2024-03-04T18:44:22","slug":"invita-red-de-mujeres-a-marchas-por-el-8m","status":"publish","type":"post","link":"https:\/\/encuentroinformativo.com.mx\/?p=51408","title":{"rendered":"Invita Red de Mujeres a marchas por el 8M"},"content":{"rendered":"\n<p><strong>Dar\u00edo Pale <\/strong><\/p>\n\n\n\n<p>Xalapa, Ver.- La Red de Mujeres Feministas de Veracruz (REMUFEVER) convoca a participar en las marchas que se realizar\u00e1n de manera casi simult\u00e1nea, pero una ser\u00e1 desde el parque Los Berros a partir de las 4 de la tarde, y de la marcha separatistas convocada para este viernes 8 de marzo desde el Teatro del Estado a las 3 de la tarde hacia la plaza Lerdo.<\/p>\n\n\n\n<p>Martha Mendoza Parissi, una de las integrantes de dicha red dijo que el feminismo no es indiferente a las luchas sociales ambientalistas y de defensa de los territorios, de la diversidad sexual y b\u00fasqueda de personas desaparecidas, por lo que llaman a quienes participan de estas luchas a sumarse a la marcha &#8220;si falta una, marchamos todas&#8221;.<\/p>\n\n\n\n<p>Invit\u00f3 a sumarse a la sociedad por las 4 mil 13 desapariciones de mujeres, ni\u00f1as y adolescentes en Veracruz en el periodo de 2014-2024, as\u00ed como por la erradicaci\u00f3n de la violencia contra las mujeres en todas sus manifestaciones<br>Adem\u00e1s para pedir un alto a los feminicidios y el apoyo al acceso a la justicia y reparaci\u00f3n a las sobrevivientes, por el alto a los cr\u00edmenes de odio, por la igualdad de oportunidades, por el reconocimiento del trabajo de cuidados y del hogar, por una econom\u00eda no precarizante y basada en el feminismo y por la Implementaci\u00f3n de acciones sanitarias que hagan posible el derecho a decidir.<\/p>\n\n\n\n<p>Enfatizaron en \u00a0que las mujeres seguir\u00e1n defendiendo los espacios separatistas &#8220;ah\u00ed donde el patriarcado se impone como monolito aplastante a las relaciones igualitarias. Necesitamos sumar desde los movimientos diversos para actuar de manera audaz ante sistemas injustos y opresivos que nos atraviesan en su conjunto&#8221;.<\/p>\n\n\n\n<p>Las integrantes de REMUFEVER reprocharon que el gobierno estatal no tome las medidas necesarias para hacer efectiva la Ley de Acceso de las Mujeres a una Vida Libre de Violencia en Veracruz<\/p>\n\n\n\n<p>Asimismo, refiri\u00f3 que esta movilizaci\u00f3n feminista ha dado muestra de su enorme alcance global a trav\u00e9s de distintos frentes y variadas estrategias de acci\u00f3n: el hogar, las calles, las escuelas, las pol\u00edticas p\u00fablicas, los medios de comunicaci\u00f3n, entre otros.<\/p>\n\n\n\n<p>Con estas intervenciones, dijo que donde el patriarcado se cuela, tiene que plantarse la semilla feminista de forma interseccional y transversal.<\/p>\n\n\n\n<p>&#8220;Hoy reconocemos que existe un feminismo que ha madurado, que necesita ser autocr\u00edtico y requiere de tender puentes para hacer nuestras exigencias colectivas a\u00fan m\u00e1s fuertes. Este feminismo no es indiferente a las diversas causas sociales: desde la ambientalista y la lucha por los territorios, la de la comunidad LGBTTIQ+, hasta la lacerante b\u00fasqueda de personas desaparecidas, si bien, no son las \u00fanicas, las reconocemos como causas organizadas para afrontar los problemas sociales, a nivel nacional y en particular, en el contexto veracruzano\u201d, coment\u00f3.<\/p>\n\n\n\n<p>Por \u00faltimo agreg\u00f3 que se debe sumar desde los movimientos diversos para actuar de manera audaz ante sistemas injustos y opresivos que se atraviesan en su conjunto: patriarcado, capitalismo, racismo y colonialismo.<\/p>\n","protected":false},"excerpt":{"rendered":"<p>Dar\u00edo Pale Xalapa, Ver.- La Red de Mujeres Feministas de Veracruz (REMUFEVER) convoca a participar en las marchas que se realizar\u00e1n de manera casi simult\u00e1nea, pero una ser\u00e1 desde el parque Los Berros a partir de las 4 de la tarde, y de la marcha separatistas convocada para este viernes 8 de marzo desde el [&hellip;]<\/p>\n","protected":false},"author":2476,"featured_media":11824,"comment_status":"open","ping_status":"open","sticky":false,"template":"","format":"standard","meta":{"_jetpack_memberships_contains_paid_content":false,"footnotes":""},"categories":[3],"tags":[],"class_list":["post-51408","post","type-post","status-publish","format-standard","has-post-thumbnail","hentry","category-xalapa"],"jetpack_featured_media_url":"https:\/\/encuentroinformativo.com.mx\/wp-content\/uploads\/2021\/03\/E3CAA462-1BED-49F9-93FC-F189DD1DD2AE.jpeg","jetpack_sharing_enabled":true,"jetpack_likes_enabled":true,"amp_enabled":true,"_links":{"self":[{"href":"https:\/\/encuentroinformativo.com.mx\/index.php?rest_route=\/wp\/v2\/posts\/51408","targetHints":{"allow":["GET"]}}],"collection":[{"href":"https:\/\/encuentroinformativo.com.mx\/index.php?rest_route=\/wp\/v2\/posts"}],"about":[{"href":"https:\/\/encuentroinformativo.com.mx\/index.php?rest_route=\/wp\/v2\/types\/post"}],"author":[{"embeddable":true,"href":"https:\/\/encuentroinformativo.com.mx\/index.php?rest_route=\/wp\/v2\/users\/2476"}],"replies":[{"embeddable":true,"href":"https:\/\/encuentroinformativo.com.mx\/index.php?rest_route=%2Fwp%2Fv2%2Fcomments&post=51408"}],"version-history":[{"count":1,"href":"https:\/\/encuentroinformativo.com.mx\/index.php?rest_route=\/wp\/v2\/posts\/51408\/revisions"}],"predecessor-version":[{"id":51409,"href":"https:\/\/encuentroinformativo.com.mx\/index.php?rest_route=\/wp\/v2\/posts\/51408\/revisions\/51409"}],"wp:featuredmedia":[{"embeddable":true,"href":"https:\/\/encuentroinformativo.com.mx\/index.php?rest_route=\/wp\/v2\/media\/11824"}],"wp:attachment":[{"href":"https:\/\/encuentroinformativo.com.mx\/index.php?rest_route=%2Fwp%2Fv2%2Fmedia&parent=51408"}],"wp:term":[{"taxonomy":"category","embeddable":true,"href":"https:\/\/encuentroinformativo.com.mx\/index.php?rest_route=%2Fwp%2Fv2%2Fcategories&post=51408"},{"taxonomy":"post_tag","embeddable":true,"href":"https:\/\/encuentroinformativo.com.mx\/index.php?rest_route=%2Fwp%2Fv2%2Ftags&post=51408"}],"curies":[{"name":"wp","href":"https:\/\/api.w.org\/{rel}","templated":true}]}}