{"id":51410,"date":"2024-03-04T12:52:11","date_gmt":"2024-03-04T18:52:11","guid":{"rendered":"https:\/\/encuentroinformativo.com.mx\/?p=51410"},"modified":"2024-03-04T12:52:16","modified_gmt":"2024-03-04T18:52:16","slug":"perjudicara-que-sedena-sea-responsable-de-mantenimiento-a-carreteras-empresarios","status":"publish","type":"post","link":"https:\/\/encuentroinformativo.com.mx\/?p=51410","title":{"rendered":"Perjudicar\u00e1 que SEDENA sea responsable de mantenimiento a carreteras: Empresarios"},"content":{"rendered":"\n<p><strong>Dar\u00edo Pale <\/strong><\/p>\n\n\n\n<p>Xalapa, Ver.- El hecho de que los elementos de la Secretar\u00eda de la Defensa Nacional (SEDENA), le den mantenimiento a las carreteras perjudicar\u00e1 mucho a los empresarios principalmente a los del ramo de la construcci\u00f3n, as\u00ed lo dio a conocer el presidente del Consejo Empresarial Metropolitano de Xalapa (CEM), Fernando Arana Watty.<\/p>\n\n\n\n<p>En entrevista advirti\u00f3 que la decisi\u00f3n del presidente Andr\u00e9s Manuel L\u00f3pez Obrador de que sea la Secretar\u00eda de la Defensa Nacional (SEDENA) la que d\u00e9 mantenimiento a las carreteras del Pa\u00eds y no la SICT, traer\u00e1 problemas econ\u00f3micos tanto al propio gobierno como a los empresarios del ramo de la construcci\u00f3n.<br>Por lo anterior consider\u00f3 que los miembros de la Secretar\u00eda de la Defensa Nacional no est\u00e1n capacitados para darle mantenimiento a las carreteras de nuestro pa\u00eds.\u00a0<\/p>\n\n\n\n<p>&#8220;Siempre se ha dicho que la parte de la construcci\u00f3n es la que involucra a todos los sectores y si ya estaba el presupuesto para ese rubro, no sabemos qu\u00e9 van a hacer con ese dinero que ya estaba designado para el mantenimiento&#8221;, coment\u00f3.<\/p>\n\n\n\n<p>Al mismo tiempo, record\u00f3 que la SEDENA no paga impuestos, no paga Seguro Social, por lo tanto, se ver\u00e1n afectados el mismo Gobierno y a los empresarios dedicados a la construcci\u00f3n, sobre todo a aquellos que se dedican al mantenimiento de las carreteras, porque seguramente ya estaban listos para trabajar este a\u00f1o.\u00a0<\/p>\n\n\n\n<p>Hay que recordar que el Presidente instruy\u00f3 que la Secretar\u00eda de Infraestructura Comunicaciones y Transportes (SICT) ya no realice las acciones de mantenimiento y reparaci\u00f3n de carreteras y ahora sea la Secretar\u00eda de la Defensa Nacional la encargada de estos trabajos.<\/p>\n\n\n\n<p>Por \u00faltimo coment\u00f3 que fue as\u00ed que la SEDENA inform\u00f3 a la SICT que, de acuerdo a la instrucci\u00f3n del presidente Andr\u00e9s Manuel L\u00f3pez Obrador, la dependencia har\u00e1 las reparaciones de las carreteras, por lo solicit\u00f3 el apoyo para realizar dicho mandato.<\/p>\n","protected":false},"excerpt":{"rendered":"<p>Dar\u00edo Pale Xalapa, Ver.- El hecho de que los elementos de la Secretar\u00eda de la Defensa Nacional (SEDENA), le den mantenimiento a las carreteras perjudicar\u00e1 mucho a los empresarios principalmente a los del ramo de la construcci\u00f3n, as\u00ed lo dio a conocer el presidente del Consejo Empresarial Metropolitano de Xalapa (CEM), Fernando Arana Watty. En [&hellip;]<\/p>\n","protected":false},"author":2476,"featured_media":51411,"comment_status":"open","ping_status":"open","sticky":false,"template":"","format":"standard","meta":{"_jetpack_memberships_contains_paid_content":false,"footnotes":""},"categories":[2],"tags":[],"class_list":["post-51410","post","type-post","status-publish","format-standard","has-post-thumbnail","hentry","category-estado"],"jetpack_featured_media_url":"https:\/\/encuentroinformativo.com.mx\/wp-content\/uploads\/2024\/03\/IMG-20240304-WA00302.jpg","jetpack_sharing_enabled":true,"jetpack_likes_enabled":true,"amp_enabled":true,"_links":{"self":[{"href":"https:\/\/encuentroinformativo.com.mx\/index.php?rest_route=\/wp\/v2\/posts\/51410","targetHints":{"allow":["GET"]}}],"collection":[{"href":"https:\/\/encuentroinformativo.com.mx\/index.php?rest_route=\/wp\/v2\/posts"}],"about":[{"href":"https:\/\/encuentroinformativo.com.mx\/index.php?rest_route=\/wp\/v2\/types\/post"}],"author":[{"embeddable":true,"href":"https:\/\/encuentroinformativo.com.mx\/index.php?rest_route=\/wp\/v2\/users\/2476"}],"replies":[{"embeddable":true,"href":"https:\/\/encuentroinformativo.com.mx\/index.php?rest_route=%2Fwp%2Fv2%2Fcomments&post=51410"}],"version-history":[{"count":1,"href":"https:\/\/encuentroinformativo.com.mx\/index.php?rest_route=\/wp\/v2\/posts\/51410\/revisions"}],"predecessor-version":[{"id":51412,"href":"https:\/\/encuentroinformativo.com.mx\/index.php?rest_route=\/wp\/v2\/posts\/51410\/revisions\/51412"}],"wp:featuredmedia":[{"embeddable":true,"href":"https:\/\/encuentroinformativo.com.mx\/index.php?rest_route=\/wp\/v2\/media\/51411"}],"wp:attachment":[{"href":"https:\/\/encuentroinformativo.com.mx\/index.php?rest_route=%2Fwp%2Fv2%2Fmedia&parent=51410"}],"wp:term":[{"taxonomy":"category","embeddable":true,"href":"https:\/\/encuentroinformativo.com.mx\/index.php?rest_route=%2Fwp%2Fv2%2Fcategories&post=51410"},{"taxonomy":"post_tag","embeddable":true,"href":"https:\/\/encuentroinformativo.com.mx\/index.php?rest_route=%2Fwp%2Fv2%2Ftags&post=51410"}],"curies":[{"name":"wp","href":"https:\/\/api.w.org\/{rel}","templated":true}]}}