{"id":51413,"date":"2024-03-04T12:55:01","date_gmt":"2024-03-04T18:55:01","guid":{"rendered":"https:\/\/encuentroinformativo.com.mx\/?p=51413"},"modified":"2024-03-04T12:55:07","modified_gmt":"2024-03-04T18:55:07","slug":"asegura-grupo-mas-que-solo-utilizara-agua-del-rio-cotaxtla-durante-estiaje","status":"publish","type":"post","link":"https:\/\/encuentroinformativo.com.mx\/?p=51413","title":{"rendered":"Asegura Grupo MAS que solo utilizar\u00e1 agua del R\u00edo Cotaxtla durante estiaje"},"content":{"rendered":"\n<p><strong>Alejandro \u00c1vila<\/strong><\/p>\n\n\n\n<p>Veracruz, Ver.- La tercera toma que se pretende hacer para extraer agua del R\u00edo Cotaxtla, ser\u00e1 utilizada \u00fanica y exclusivamente durante la \u00e9poca de estiaje para abastecer a los municipios de Veracruz, Boca del R\u00edo y Medell\u00edn de Bravo, asegur\u00f3 Fabi\u00e1n Zakimi, director general de Grupo MAS.<\/p>\n\n\n\n<p>Al momento dijo que se lleva \u00fanicamente un 30 por ciento de avance, debido a las manifestaciones y bloqueos que ha habido por parte de la ciudadan\u00eda, encaminada por el municipio de Medell\u00edn de Bravo; aunque aclar\u00f3 que en este momento se est\u00e1n preparando las tuber\u00edas, trayendo a los subcontratistas, y arreglando los permisos faltantes con la autoridad correspondiente.<\/p>\n\n\n\n<p>&#8220;Medell\u00edn no se separ\u00f3, Medell\u00edn solo se separ\u00f3 del Instituto Metropolitano del Agua, pero nosotros (Grupo MAS) tenemos un contrato con Medell\u00edn y ese contrato est\u00e1 plenamente vigente (\u2026) la toma es una toma de emergencia que solo funcionar\u00eda en la \u00e9poca del estiaje para compensar el faltante de agua sobre el permiso que ya tenemos otorgado; es decir, en modo alguno implica que nos van a dar m\u00e1s agua, es simplemente poder obtener el d\u00e9ficit que tenemos durante el estiaje&#8221;, puntualiz\u00f3.<\/p>\n\n\n\n<p>Esta toma que saldr\u00eda del R\u00edo Cotaxtla, mencion\u00f3 aportar\u00eda 13 millones de litros y con ello ya nos necesitar\u00edan pipas para abastecer a los ciudadanos durante la \u00e9poca de estiaje.<\/p>\n\n\n\n<p>En otro tema, dijo qu\u00e9 continuar\u00e1n rehabilitando las plantas de tratamiento para mejorar el abastecimiento de agua en los municipios.<\/p>\n\n\n\n<p>&#8220;Tenemos el 80 por ciento de las plantas en funcionamiento hoy, todav\u00eda nos quedan por rehabilitar algunas, muy importante la que se va a rehabilitar este a\u00f1o que es la Olmeca, esa es muy muy importante porque con esa ya vamos a estar arriba del 90 por ciento&#8221;<\/p>\n","protected":false},"excerpt":{"rendered":"<p>Alejandro \u00c1vila Veracruz, Ver.- La tercera toma que se pretende hacer para extraer agua del R\u00edo Cotaxtla, ser\u00e1 utilizada \u00fanica y exclusivamente durante la \u00e9poca de estiaje para abastecer a los municipios de Veracruz, Boca del R\u00edo y Medell\u00edn de Bravo, asegur\u00f3 Fabi\u00e1n Zakimi, director general de Grupo MAS. Al momento dijo que se lleva [&hellip;]<\/p>\n","protected":false},"author":2476,"featured_media":51414,"comment_status":"open","ping_status":"open","sticky":false,"template":"","format":"standard","meta":{"_jetpack_memberships_contains_paid_content":false,"footnotes":""},"categories":[2],"tags":[],"class_list":["post-51413","post","type-post","status-publish","format-standard","has-post-thumbnail","hentry","category-estado"],"jetpack_featured_media_url":"https:\/\/encuentroinformativo.com.mx\/wp-content\/uploads\/2024\/03\/IMG-20240304-WA0034.jpg","jetpack_sharing_enabled":true,"jetpack_likes_enabled":true,"amp_enabled":true,"_links":{"self":[{"href":"https:\/\/encuentroinformativo.com.mx\/index.php?rest_route=\/wp\/v2\/posts\/51413","targetHints":{"allow":["GET"]}}],"collection":[{"href":"https:\/\/encuentroinformativo.com.mx\/index.php?rest_route=\/wp\/v2\/posts"}],"about":[{"href":"https:\/\/encuentroinformativo.com.mx\/index.php?rest_route=\/wp\/v2\/types\/post"}],"author":[{"embeddable":true,"href":"https:\/\/encuentroinformativo.com.mx\/index.php?rest_route=\/wp\/v2\/users\/2476"}],"replies":[{"embeddable":true,"href":"https:\/\/encuentroinformativo.com.mx\/index.php?rest_route=%2Fwp%2Fv2%2Fcomments&post=51413"}],"version-history":[{"count":1,"href":"https:\/\/encuentroinformativo.com.mx\/index.php?rest_route=\/wp\/v2\/posts\/51413\/revisions"}],"predecessor-version":[{"id":51415,"href":"https:\/\/encuentroinformativo.com.mx\/index.php?rest_route=\/wp\/v2\/posts\/51413\/revisions\/51415"}],"wp:featuredmedia":[{"embeddable":true,"href":"https:\/\/encuentroinformativo.com.mx\/index.php?rest_route=\/wp\/v2\/media\/51414"}],"wp:attachment":[{"href":"https:\/\/encuentroinformativo.com.mx\/index.php?rest_route=%2Fwp%2Fv2%2Fmedia&parent=51413"}],"wp:term":[{"taxonomy":"category","embeddable":true,"href":"https:\/\/encuentroinformativo.com.mx\/index.php?rest_route=%2Fwp%2Fv2%2Fcategories&post=51413"},{"taxonomy":"post_tag","embeddable":true,"href":"https:\/\/encuentroinformativo.com.mx\/index.php?rest_route=%2Fwp%2Fv2%2Ftags&post=51413"}],"curies":[{"name":"wp","href":"https:\/\/api.w.org\/{rel}","templated":true}]}}