{"id":51416,"date":"2024-03-04T13:00:06","date_gmt":"2024-03-04T19:00:06","guid":{"rendered":"https:\/\/encuentroinformativo.com.mx\/?p=51416"},"modified":"2024-03-04T13:01:17","modified_gmt":"2024-03-04T19:01:17","slug":"ine-no-bajo-a-manuel-huerta-de-encabezar-formula-al-senado","status":"publish","type":"post","link":"https:\/\/encuentroinformativo.com.mx\/?p=51416","title":{"rendered":"INE no baj\u00f3 a Manuel Huerta de encabezar f\u00f3rmula al Senado"},"content":{"rendered":"\n<p><strong>Dar\u00edo Pale <\/strong><\/p>\n\n\n\n<p>Xalapa, Ver.- El vocal ejecutivo de la Junta Local del INE en Veracruz, Josu\u00e9 Cervantes Mart\u00ednez, dio a conocer que Morena y aliados fueron quienes decidieron bajar a Huerta, no el INE ya que solo act\u00faa en t\u00e9rminos del marco de Derecho respecto de las peticiones que le hacen.<\/p>\n\n\n\n<p>En conferencia de prensa se\u00f1al\u00f3 que el cambio de posici\u00f3n de la 1 a la 2 en la f\u00f3rmula para el Senado de la Rep\u00fablica, de Manuel Huerta Ladr\u00f3n de Guevara, fue una decisi\u00f3n de su partido y sus aliados, no del Instituto Nacional Electoral (INE), como lo dijo el aspirante a la C\u00e1mara Alta este s\u00e1bado en conferencia de prensa.<\/p>\n\n\n\n<p>Explic\u00f3 que no conoci\u00f3 el expediente, ya que la solicitud de registro se hizo ante el Consejo General del \u00f3rgano electoral de manera supletoria.<\/p>\n\n\n\n<p>&#8220;De hecho por las dos coaliciones y el partido pol\u00edtico que est\u00e1 compitiendo solo, de tal manera que no conozco el expediente y no tengo elementos para saber qu\u00e9 llev\u00f3 a determinar al INE el registro del candidato que se menciona&#8221;, se\u00f1al\u00f3.<\/p>\n\n\n\n<p>&#8220;El INE act\u00faa en t\u00e9rminos del marco de Derecho respecto de las peticiones que le hacen, en este caso la Coalici\u00f3n (Sigamos haciendo historia), pero en general a las coaliciones y los partidos pol\u00edticos, o sea, el INE resuelve con los elementos que tiene, a partir de la informaci\u00f3n que le proporcionan las fuerzas partidistas&#8221;, agreg\u00f3.<\/p>\n\n\n\n<p>Hay que recordar que apenas este s\u00e1bado, el candidato Manuel Huerta acus\u00f3 al INE de haber cambiado su posici\u00f3n a la n\u00famero dos, por lo que ir\u00e1 en primera f\u00f3rmula Claudia Tello, gente cercana a la candidata a la gubernatura, Roc\u00edo Nahle.&nbsp;<\/p>\n\n\n\n<p>Huerta sostuvo que el cambio de posici\u00f3n a segunda f\u00f3rmula fue por un criterio del INE, por cuestiones de g\u00e9nero, mismas que revisar\u00eda, ya que ten\u00eda derecho a conocer cu\u00e1les fueron los criterios que el \u00f3rgano electoral tom\u00f3 para hacer el ajuste que llev\u00f3 a cabo en las f\u00f3rmulas de Veracruz.<\/p>\n\n\n\n<p>Por \u00faltimo coment\u00f3 que, &#8220;es lo que yo estar\u00e9 reflexionando de manera activa, junto con el Movimiento para conocer esas causas. No quisi\u00e9ramos que el INE se fuera a entrometer en la vida de los partidos indebidamente, porque hay una tendencia a hacerlo&#8221;.<\/p>\n","protected":false},"excerpt":{"rendered":"<p>Dar\u00edo Pale Xalapa, Ver.- El vocal ejecutivo de la Junta Local del INE en Veracruz, Josu\u00e9 Cervantes Mart\u00ednez, dio a conocer que Morena y aliados fueron quienes decidieron bajar a Huerta, no el INE ya que solo act\u00faa en t\u00e9rminos del marco de Derecho respecto de las peticiones que le hacen. En conferencia de prensa [&hellip;]<\/p>\n","protected":false},"author":2476,"featured_media":51419,"comment_status":"open","ping_status":"open","sticky":false,"template":"","format":"standard","meta":{"_jetpack_memberships_contains_paid_content":false,"footnotes":""},"categories":[2],"tags":[],"class_list":["post-51416","post","type-post","status-publish","format-standard","has-post-thumbnail","hentry","category-estado"],"jetpack_featured_media_url":"https:\/\/encuentroinformativo.com.mx\/wp-content\/uploads\/2024\/03\/IMG-20240304-WA00312.jpg","jetpack_sharing_enabled":true,"jetpack_likes_enabled":true,"amp_enabled":true,"_links":{"self":[{"href":"https:\/\/encuentroinformativo.com.mx\/index.php?rest_route=\/wp\/v2\/posts\/51416","targetHints":{"allow":["GET"]}}],"collection":[{"href":"https:\/\/encuentroinformativo.com.mx\/index.php?rest_route=\/wp\/v2\/posts"}],"about":[{"href":"https:\/\/encuentroinformativo.com.mx\/index.php?rest_route=\/wp\/v2\/types\/post"}],"author":[{"embeddable":true,"href":"https:\/\/encuentroinformativo.com.mx\/index.php?rest_route=\/wp\/v2\/users\/2476"}],"replies":[{"embeddable":true,"href":"https:\/\/encuentroinformativo.com.mx\/index.php?rest_route=%2Fwp%2Fv2%2Fcomments&post=51416"}],"version-history":[{"count":2,"href":"https:\/\/encuentroinformativo.com.mx\/index.php?rest_route=\/wp\/v2\/posts\/51416\/revisions"}],"predecessor-version":[{"id":51420,"href":"https:\/\/encuentroinformativo.com.mx\/index.php?rest_route=\/wp\/v2\/posts\/51416\/revisions\/51420"}],"wp:featuredmedia":[{"embeddable":true,"href":"https:\/\/encuentroinformativo.com.mx\/index.php?rest_route=\/wp\/v2\/media\/51419"}],"wp:attachment":[{"href":"https:\/\/encuentroinformativo.com.mx\/index.php?rest_route=%2Fwp%2Fv2%2Fmedia&parent=51416"}],"wp:term":[{"taxonomy":"category","embeddable":true,"href":"https:\/\/encuentroinformativo.com.mx\/index.php?rest_route=%2Fwp%2Fv2%2Fcategories&post=51416"},{"taxonomy":"post_tag","embeddable":true,"href":"https:\/\/encuentroinformativo.com.mx\/index.php?rest_route=%2Fwp%2Fv2%2Ftags&post=51416"}],"curies":[{"name":"wp","href":"https:\/\/api.w.org\/{rel}","templated":true}]}}