{"id":51421,"date":"2024-03-04T13:32:59","date_gmt":"2024-03-04T19:32:59","guid":{"rendered":"https:\/\/encuentroinformativo.com.mx\/?p=51421"},"modified":"2024-03-04T13:33:05","modified_gmt":"2024-03-04T19:33:05","slug":"acciona-rehabilitara-planta-de-tratamiento-afectada-por-huracan-karl","status":"publish","type":"post","link":"https:\/\/encuentroinformativo.com.mx\/?p=51421","title":{"rendered":"Acciona rehabilitar\u00e1 planta de tratamiento afectada por hurac\u00e1n Karl"},"content":{"rendered":"\n<p><strong>Alejandro \u00c1vila<\/strong><\/p>\n\n\n\n<p>Veracruz, Ver.- El director general de Acciona, Julio Ratia, mencion\u00f3 que ya se inici\u00f3 la rehabilitaci\u00f3n de la primera etapa de la planta de tratamiento Olmeca, misma que qued\u00f3 deshabilitada tras el paso del hurac\u00e1n Karl el 2010.<\/p>\n\n\n\n<p>El empresario mencion\u00f3 que esta planta de tratamiento qued\u00f3 inundada y posteriormente fuera de servicio, antes esta unidad procesaba 250 litros por segundo, siendo la segunda planta m\u00e1s importante para la zona Veracruz &#8211; Boca del R\u00edo y Medell\u00edn de Bravo.<\/p>\n\n\n\n<p>&#8220;La importancia de esa planta es que esa planta est\u00e1 pegada a la Laguna Real, la laguna Olmeca, entonces esa laguna hay que recuperarla porque es un cuerpo de agua muy importante. Nosotros lo que estamos planteando es que la Planta Olmeca sea como la concentradora de un mont\u00f3n de plantas peque\u00f1itas que a veces funcionan bien y otras veces no tan bien, y donde hay algunos colectores de agua pluviales que est\u00e1n mezclados con aguas residuales. Entonces, no solamente la rehabilitaci\u00f3n de la Planta Olmeca, si no la rehabilitaci\u00f3n de la serie de plantas, c\u00e1rcamos y colectores en la zona, y que lo que va a permitir es pr\u00e1cticamente que un 20 por ciento del \u00e1rea de Veracruz y un poquito de Boca del R\u00edo, poder tener un sistema de saneamiento totalmente perfecto, y el agua depurada acabar\u00eda en Laguna Real Laguna Olmeca&#8221;, subray\u00f3.<\/p>\n\n\n\n<p>Luis Ratia asegur\u00f3 que en el 2024 se concluir\u00e1 la primera fase de la rehabilitaci\u00f3n donde se invertir\u00e1n 80 millones de pesos; la totalidad del proyecto quedar\u00e1 concluido en 2025 y se estima se gasten 150 millones de pesos.<\/p>\n\n\n\n<p>Finalmente, dijo que en Veracruz y Boca del R\u00edo existen 35 plantas de tratamiento y y a la par, en estos momentos tambi\u00e9n se est\u00e1 rehabilitando la ubicada en el fraccionamiento La Tampiquera.<\/p>\n","protected":false},"excerpt":{"rendered":"<p>Alejandro \u00c1vila Veracruz, Ver.- El director general de Acciona, Julio Ratia, mencion\u00f3 que ya se inici\u00f3 la rehabilitaci\u00f3n de la primera etapa de la planta de tratamiento Olmeca, misma que qued\u00f3 deshabilitada tras el paso del hurac\u00e1n Karl el 2010. El empresario mencion\u00f3 que esta planta de tratamiento qued\u00f3 inundada y posteriormente fuera de servicio, [&hellip;]<\/p>\n","protected":false},"author":2476,"featured_media":51422,"comment_status":"open","ping_status":"open","sticky":false,"template":"","format":"standard","meta":{"_jetpack_memberships_contains_paid_content":false,"footnotes":""},"categories":[2],"tags":[],"class_list":["post-51421","post","type-post","status-publish","format-standard","has-post-thumbnail","hentry","category-estado"],"jetpack_featured_media_url":"https:\/\/encuentroinformativo.com.mx\/wp-content\/uploads\/2024\/03\/IMG-20240304-WA0037.jpg","jetpack_sharing_enabled":true,"jetpack_likes_enabled":true,"amp_enabled":true,"_links":{"self":[{"href":"https:\/\/encuentroinformativo.com.mx\/index.php?rest_route=\/wp\/v2\/posts\/51421","targetHints":{"allow":["GET"]}}],"collection":[{"href":"https:\/\/encuentroinformativo.com.mx\/index.php?rest_route=\/wp\/v2\/posts"}],"about":[{"href":"https:\/\/encuentroinformativo.com.mx\/index.php?rest_route=\/wp\/v2\/types\/post"}],"author":[{"embeddable":true,"href":"https:\/\/encuentroinformativo.com.mx\/index.php?rest_route=\/wp\/v2\/users\/2476"}],"replies":[{"embeddable":true,"href":"https:\/\/encuentroinformativo.com.mx\/index.php?rest_route=%2Fwp%2Fv2%2Fcomments&post=51421"}],"version-history":[{"count":1,"href":"https:\/\/encuentroinformativo.com.mx\/index.php?rest_route=\/wp\/v2\/posts\/51421\/revisions"}],"predecessor-version":[{"id":51423,"href":"https:\/\/encuentroinformativo.com.mx\/index.php?rest_route=\/wp\/v2\/posts\/51421\/revisions\/51423"}],"wp:featuredmedia":[{"embeddable":true,"href":"https:\/\/encuentroinformativo.com.mx\/index.php?rest_route=\/wp\/v2\/media\/51422"}],"wp:attachment":[{"href":"https:\/\/encuentroinformativo.com.mx\/index.php?rest_route=%2Fwp%2Fv2%2Fmedia&parent=51421"}],"wp:term":[{"taxonomy":"category","embeddable":true,"href":"https:\/\/encuentroinformativo.com.mx\/index.php?rest_route=%2Fwp%2Fv2%2Fcategories&post=51421"},{"taxonomy":"post_tag","embeddable":true,"href":"https:\/\/encuentroinformativo.com.mx\/index.php?rest_route=%2Fwp%2Fv2%2Ftags&post=51421"}],"curies":[{"name":"wp","href":"https:\/\/api.w.org\/{rel}","templated":true}]}}