{"id":51430,"date":"2024-03-04T14:51:23","date_gmt":"2024-03-04T20:51:23","guid":{"rendered":"https:\/\/encuentroinformativo.com.mx\/?p=51430"},"modified":"2024-03-04T14:51:28","modified_gmt":"2024-03-04T20:51:28","slug":"uv-deberia-apoyar-a-periodistas-vulnerados-senala-ex-rectora","status":"publish","type":"post","link":"https:\/\/encuentroinformativo.com.mx\/?p=51430","title":{"rendered":"UV deber\u00eda apoyar a periodistas vulnerados, se\u00f1ala ex rectora"},"content":{"rendered":"\n<p><strong>Dar\u00edo Pale<\/strong><\/p>\n\n\n\n<p>Xalapa, Ver.- La firma de la Casa de Estudios no debi\u00f3 retirarse de la carta de apoyo a Natalie Kitroeff, al contrario, deber\u00eda de apoyar a los periodistas que se ven vulnerados, as\u00ed lo dio a conocer la candidata al Senado de la Rep\u00fablica por la coalici\u00f3n &#8220;Fuerza y Coraz\u00f3n por Veracruz&#8221; y exrectora de la Universidad Veracruzana, Sara Ladr\u00f3n de Guevara.<\/p>\n\n\n\n<p>Hay que recordar que la Universidad emiti\u00f3 un comunicado para deslindarse de la carta firmada por 123 periodistas y corresponsales de nuestro pa\u00eds, quienes brindaron su apoyo a Natalie Kitroeff, periodista del New York Times, luego de que el presidente Andr\u00e9s Manuel L\u00f3pez Obrador hiciera p\u00fablico su n\u00famero telef\u00f3nico.<\/p>\n\n\n\n<p>En entrevista, la exrectora defini\u00f3 que los universitarios cuando expresan opiniones tambi\u00e9n dicen de d\u00f3nde vienen y en este sentido y la carta inclu\u00eda las instituciones que los periodistas que la firmaban trabajan, tanto instituciones educativas como empresas de periodismo o algunos independientes y ella tiene el derecho de decir que somos universitarios y que somos UV.<\/p>\n\n\n\n<p>&#8220;Yo creo que la Universidad ha sido un apoyo para los periodistas, yo creo que a lo largo de los a\u00f1os la Universidad Veracruzana siempre ha sido solidaria con la profesi\u00f3n de los periodistas que es una profesi\u00f3n que los pone en riesgo en este pa\u00eds y en este estado y, la Universidad Veracruzana siempre ha expresado esa solidaridad&#8221; se\u00f1al\u00f3.<\/p>\n\n\n\n<p>&#8220;Yo creo que la Universidad bien se ver\u00eda apoyando esta defensa de una periodista que se ve vulnerada cuando dan a conocer sus datos personales y que eso es en contra de la Ley&#8221;, agreg\u00f3.\u00a0<\/p>\n\n\n\n<p>Cabe recordar que la Universidad Veracruzana se deslind\u00f3 de la firma que apareci\u00f3 en la \u201cCarta de apoyo a quienes hacemos periodismo en M\u00e9xico, para resguardar los datos personales de Natalie Kitroeff, Jefa de la corresponsal\u00eda del New York Times para M\u00e9xico, Centroam\u00e9rica y el Caribe\u201d, toda vez que no se consult\u00f3 a la instituci\u00f3n sobre el uso de su nombre.<\/p>\n\n\n\n<p>Por \u00faltimo la Casa de Estudios defini\u00f3 que cualquier integrante de la comunidad acad\u00e9mica est\u00e1 en su derecho de firmar el documento, pero &#8220;a t\u00edtulo personal\u201d.<\/p>\n","protected":false},"excerpt":{"rendered":"<p>Dar\u00edo Pale Xalapa, Ver.- La firma de la Casa de Estudios no debi\u00f3 retirarse de la carta de apoyo a Natalie Kitroeff, al contrario, deber\u00eda de apoyar a los periodistas que se ven vulnerados, as\u00ed lo dio a conocer la candidata al Senado de la Rep\u00fablica por la coalici\u00f3n &#8220;Fuerza y Coraz\u00f3n por Veracruz&#8221; y [&hellip;]<\/p>\n","protected":false},"author":2476,"featured_media":51431,"comment_status":"open","ping_status":"open","sticky":false,"template":"","format":"standard","meta":{"_jetpack_memberships_contains_paid_content":false,"footnotes":""},"categories":[2],"tags":[],"class_list":["post-51430","post","type-post","status-publish","format-standard","has-post-thumbnail","hentry","category-estado"],"jetpack_featured_media_url":"https:\/\/encuentroinformativo.com.mx\/wp-content\/uploads\/2024\/03\/IMG-20240304-WA0035.jpg","jetpack_sharing_enabled":true,"jetpack_likes_enabled":true,"amp_enabled":true,"_links":{"self":[{"href":"https:\/\/encuentroinformativo.com.mx\/index.php?rest_route=\/wp\/v2\/posts\/51430","targetHints":{"allow":["GET"]}}],"collection":[{"href":"https:\/\/encuentroinformativo.com.mx\/index.php?rest_route=\/wp\/v2\/posts"}],"about":[{"href":"https:\/\/encuentroinformativo.com.mx\/index.php?rest_route=\/wp\/v2\/types\/post"}],"author":[{"embeddable":true,"href":"https:\/\/encuentroinformativo.com.mx\/index.php?rest_route=\/wp\/v2\/users\/2476"}],"replies":[{"embeddable":true,"href":"https:\/\/encuentroinformativo.com.mx\/index.php?rest_route=%2Fwp%2Fv2%2Fcomments&post=51430"}],"version-history":[{"count":1,"href":"https:\/\/encuentroinformativo.com.mx\/index.php?rest_route=\/wp\/v2\/posts\/51430\/revisions"}],"predecessor-version":[{"id":51432,"href":"https:\/\/encuentroinformativo.com.mx\/index.php?rest_route=\/wp\/v2\/posts\/51430\/revisions\/51432"}],"wp:featuredmedia":[{"embeddable":true,"href":"https:\/\/encuentroinformativo.com.mx\/index.php?rest_route=\/wp\/v2\/media\/51431"}],"wp:attachment":[{"href":"https:\/\/encuentroinformativo.com.mx\/index.php?rest_route=%2Fwp%2Fv2%2Fmedia&parent=51430"}],"wp:term":[{"taxonomy":"category","embeddable":true,"href":"https:\/\/encuentroinformativo.com.mx\/index.php?rest_route=%2Fwp%2Fv2%2Fcategories&post=51430"},{"taxonomy":"post_tag","embeddable":true,"href":"https:\/\/encuentroinformativo.com.mx\/index.php?rest_route=%2Fwp%2Fv2%2Ftags&post=51430"}],"curies":[{"name":"wp","href":"https:\/\/api.w.org\/{rel}","templated":true}]}}