{"id":51433,"date":"2024-03-04T15:23:56","date_gmt":"2024-03-04T21:23:56","guid":{"rendered":"https:\/\/encuentroinformativo.com.mx\/?p=51433"},"modified":"2024-03-04T15:24:01","modified_gmt":"2024-03-04T21:24:01","slug":"hay-condiciones-para-desarrollo-de-la-contienda-coinciden-organos-electorales","status":"publish","type":"post","link":"https:\/\/encuentroinformativo.com.mx\/?p=51433","title":{"rendered":"Hay condiciones para desarrollo de la contienda, coinciden \u00f3rganos electorales"},"content":{"rendered":"\n<p><strong>Dar\u00edo Pale <\/strong><\/p>\n\n\n\n<p>Xalapa, Ver.- Tanto el Instituto Nacional Electoral (INE), como el Organismo P\u00fablico Local Electoral (OPLE), coincidieron en que existen las condiciones para celebrar las elecciones en paz en Veracruz.<\/p>\n\n\n\n<p>En conferencia de prensa, de acuerdo a las autoridades electorales tanto local como federal, en Veracruz hay condiciones de seguridad para que los ciudadanos puedan emitir su voto el pr\u00f3ximo 2 de junio en paz.\u00a0<\/p>\n\n\n\n<p>&#8220;Me parece que la violencia es un tema sist\u00e9mico, lo hemos se\u00f1alado. Por cuanto hace a la organizaci\u00f3n del proceso en lo local, hemos desplegado diferentes actividades a lo largo del Estado, el a\u00f1o pasado, con las consultas para las acciones afirmativas y, este a\u00f1o, con la instalaci\u00f3n de los 30 consejos distritales&#8221;, se\u00f1al\u00f3.<\/p>\n\n\n\n<p>&#8220;Al momento, por cuanto hace a la organizaci\u00f3n, el OPLE no ha tenido una circunstancia evidentemente que nos permita detectar un foco rojo. Algunas situaciones que se han querido vincular con el proceso electoral, le corresponder\u00e1 a las autoridades competentes&#8221;, precis\u00f3 la consejera presidenta del OPLE Veracruz, Marisol Alicia Delgadillo Morales.<\/p>\n\n\n\n<p>Recalc\u00f3 que en el sentido estricto, los cr\u00edmenes ocurridos en contra de algunos aspirantes a cargos de elecci\u00f3n popular, no se pueden vincular directamente a la organizaci\u00f3n del proceso electoral.<\/p>\n\n\n\n<p>Delgadillo Morales enfatiz\u00f3 que todo el trabajo que se ha venido realizando con su par federal, es para garantizar que haya las condiciones de que los ciudadanos puedan a salir a votar el 2 de junio y, que la documentaci\u00f3n y la paqueter\u00eda electoral est\u00e9 en las m\u00e1s de 11 mil casillas.\u00a0<\/p>\n\n\n\n<p>Por su parte, el vocal ejecutivo de la Junta Local del INE, Josu\u00e9 Cervantes Mart\u00ednez, enfatiz\u00f3 que est\u00e1n todas las condiciones dadas para que el proceso electoral se celebre tranquilo y pac\u00edfico.<\/p>\n\n\n\n<p>Por \u00faltimo opin\u00f3 que los cr\u00edmenes que han ocurrido en contra de algunos aspirantes son desafortunados y record\u00f3 que el INE aprob\u00f3 un esquema de coordinaci\u00f3n con las fuerzas del orden federal para brindar protecci\u00f3n a las y los candidatos que as\u00ed lo soliciten.<\/p>\n","protected":false},"excerpt":{"rendered":"<p>Dar\u00edo Pale Xalapa, Ver.- Tanto el Instituto Nacional Electoral (INE), como el Organismo P\u00fablico Local Electoral (OPLE), coincidieron en que existen las condiciones para celebrar las elecciones en paz en Veracruz. En conferencia de prensa, de acuerdo a las autoridades electorales tanto local como federal, en Veracruz hay condiciones de seguridad para que los ciudadanos [&hellip;]<\/p>\n","protected":false},"author":2476,"featured_media":51434,"comment_status":"open","ping_status":"open","sticky":false,"template":"","format":"standard","meta":{"_jetpack_memberships_contains_paid_content":false,"footnotes":""},"categories":[2],"tags":[],"class_list":["post-51433","post","type-post","status-publish","format-standard","has-post-thumbnail","hentry","category-estado"],"jetpack_featured_media_url":"https:\/\/encuentroinformativo.com.mx\/wp-content\/uploads\/2024\/03\/IMG-20240304-WA00241.jpg","jetpack_sharing_enabled":true,"jetpack_likes_enabled":true,"amp_enabled":true,"_links":{"self":[{"href":"https:\/\/encuentroinformativo.com.mx\/index.php?rest_route=\/wp\/v2\/posts\/51433","targetHints":{"allow":["GET"]}}],"collection":[{"href":"https:\/\/encuentroinformativo.com.mx\/index.php?rest_route=\/wp\/v2\/posts"}],"about":[{"href":"https:\/\/encuentroinformativo.com.mx\/index.php?rest_route=\/wp\/v2\/types\/post"}],"author":[{"embeddable":true,"href":"https:\/\/encuentroinformativo.com.mx\/index.php?rest_route=\/wp\/v2\/users\/2476"}],"replies":[{"embeddable":true,"href":"https:\/\/encuentroinformativo.com.mx\/index.php?rest_route=%2Fwp%2Fv2%2Fcomments&post=51433"}],"version-history":[{"count":1,"href":"https:\/\/encuentroinformativo.com.mx\/index.php?rest_route=\/wp\/v2\/posts\/51433\/revisions"}],"predecessor-version":[{"id":51435,"href":"https:\/\/encuentroinformativo.com.mx\/index.php?rest_route=\/wp\/v2\/posts\/51433\/revisions\/51435"}],"wp:featuredmedia":[{"embeddable":true,"href":"https:\/\/encuentroinformativo.com.mx\/index.php?rest_route=\/wp\/v2\/media\/51434"}],"wp:attachment":[{"href":"https:\/\/encuentroinformativo.com.mx\/index.php?rest_route=%2Fwp%2Fv2%2Fmedia&parent=51433"}],"wp:term":[{"taxonomy":"category","embeddable":true,"href":"https:\/\/encuentroinformativo.com.mx\/index.php?rest_route=%2Fwp%2Fv2%2Fcategories&post=51433"},{"taxonomy":"post_tag","embeddable":true,"href":"https:\/\/encuentroinformativo.com.mx\/index.php?rest_route=%2Fwp%2Fv2%2Ftags&post=51433"}],"curies":[{"name":"wp","href":"https:\/\/api.w.org\/{rel}","templated":true}]}}