{"id":51437,"date":"2024-03-04T15:37:04","date_gmt":"2024-03-04T21:37:04","guid":{"rendered":"https:\/\/encuentroinformativo.com.mx\/?p=51437"},"modified":"2024-03-04T15:37:09","modified_gmt":"2024-03-04T21:37:09","slug":"extienden-huelga-en-el-monte-de-piedad","status":"publish","type":"post","link":"https:\/\/encuentroinformativo.com.mx\/?p=51437","title":{"rendered":"Extienden huelga en el Monte de Piedad"},"content":{"rendered":"\n<p><strong>Juan Arcos <\/strong><\/p>\n\n\n\n<p>Xalapa, Ver.- Se estima que en 15 d\u00edas sea levantada la huelga en el Nacional Monte de Piedad por parte de los trabajadores sindicalizados de la ciudad de Xalapa y la regi\u00f3n.<\/p>\n\n\n\n<p>As\u00ed lo dio a conocer Miguel \u00c1ngel Garc\u00eda P\u00e9rez, secretario general de la Secci\u00f3n 14 del Sindicato Nacional de Empleados y Trabajadores del Nacional Monte de Piedad.<\/p>\n\n\n\n<p>Hasta el momento, contin\u00faa el plant\u00f3n y las banderas rojinegras sobre la fachada de la sucursal, ubicada en la calle Magnolia en la zona del mercado de Los Sauces, en la ciudad de Xalapa.<\/p>\n\n\n\n<p>El l\u00edder sindical coment\u00f3 que el pasado viernes 1 de marzo se firm\u00f3 un convenio con la empresa para llegar a un acuerdo, pero deber\u00e1 sometido a votaci\u00f3n en los pr\u00f3ximos d\u00edas.<\/p>\n\n\n\n<p>\u201cS\u00f3lo que este convenio se tiene que meter a un proceso de votaci\u00f3n de acuerdo con la reforma a la Ley Federal y si sale a favor levantar\u00edamos la huelga. Debemos continuar hasta no tener la fecha que esta es asignada por el Centro Federal de Conciliaci\u00f3n y Registro Federal\u201d, expres\u00f3.<\/p>\n\n\n\n<p>La huelga inici\u00f3 el pasado 15 de febrero a nivel nacional para exigir el incremento salarial y mejores prestaciones laborales.<\/p>\n\n\n\n<p>En la capital veracruzana hay 70 trabajadores y siete sucursales: seis en Xalapa y una en Coatepec.<\/p>\n","protected":false},"excerpt":{"rendered":"<p>Juan Arcos Xalapa, Ver.- Se estima que en 15 d\u00edas sea levantada la huelga en el Nacional Monte de Piedad por parte de los trabajadores sindicalizados de la ciudad de Xalapa y la regi\u00f3n. As\u00ed lo dio a conocer Miguel \u00c1ngel Garc\u00eda P\u00e9rez, secretario general de la Secci\u00f3n 14 del Sindicato Nacional de Empleados y [&hellip;]<\/p>\n","protected":false},"author":2476,"featured_media":51438,"comment_status":"open","ping_status":"open","sticky":false,"template":"","format":"standard","meta":{"_jetpack_memberships_contains_paid_content":false,"footnotes":""},"categories":[3],"tags":[],"class_list":["post-51437","post","type-post","status-publish","format-standard","has-post-thumbnail","hentry","category-xalapa"],"jetpack_featured_media_url":"https:\/\/encuentroinformativo.com.mx\/wp-content\/uploads\/2024\/03\/IMG_9707.jpg","jetpack_sharing_enabled":true,"jetpack_likes_enabled":true,"amp_enabled":true,"_links":{"self":[{"href":"https:\/\/encuentroinformativo.com.mx\/index.php?rest_route=\/wp\/v2\/posts\/51437","targetHints":{"allow":["GET"]}}],"collection":[{"href":"https:\/\/encuentroinformativo.com.mx\/index.php?rest_route=\/wp\/v2\/posts"}],"about":[{"href":"https:\/\/encuentroinformativo.com.mx\/index.php?rest_route=\/wp\/v2\/types\/post"}],"author":[{"embeddable":true,"href":"https:\/\/encuentroinformativo.com.mx\/index.php?rest_route=\/wp\/v2\/users\/2476"}],"replies":[{"embeddable":true,"href":"https:\/\/encuentroinformativo.com.mx\/index.php?rest_route=%2Fwp%2Fv2%2Fcomments&post=51437"}],"version-history":[{"count":1,"href":"https:\/\/encuentroinformativo.com.mx\/index.php?rest_route=\/wp\/v2\/posts\/51437\/revisions"}],"predecessor-version":[{"id":51439,"href":"https:\/\/encuentroinformativo.com.mx\/index.php?rest_route=\/wp\/v2\/posts\/51437\/revisions\/51439"}],"wp:featuredmedia":[{"embeddable":true,"href":"https:\/\/encuentroinformativo.com.mx\/index.php?rest_route=\/wp\/v2\/media\/51438"}],"wp:attachment":[{"href":"https:\/\/encuentroinformativo.com.mx\/index.php?rest_route=%2Fwp%2Fv2%2Fmedia&parent=51437"}],"wp:term":[{"taxonomy":"category","embeddable":true,"href":"https:\/\/encuentroinformativo.com.mx\/index.php?rest_route=%2Fwp%2Fv2%2Fcategories&post=51437"},{"taxonomy":"post_tag","embeddable":true,"href":"https:\/\/encuentroinformativo.com.mx\/index.php?rest_route=%2Fwp%2Fv2%2Ftags&post=51437"}],"curies":[{"name":"wp","href":"https:\/\/api.w.org\/{rel}","templated":true}]}}