{"id":51441,"date":"2024-03-04T16:00:51","date_gmt":"2024-03-04T22:00:51","guid":{"rendered":"https:\/\/encuentroinformativo.com.mx\/?p=51441"},"modified":"2024-03-04T16:00:56","modified_gmt":"2024-03-04T22:00:56","slug":"del-15-al-24-registro-de-candidatos-a-gubernatura-senala-ople","status":"publish","type":"post","link":"https:\/\/encuentroinformativo.com.mx\/?p=51441","title":{"rendered":"Del 15 al 24, registro de candidatos a gubernatura, se\u00f1ala OPLE"},"content":{"rendered":"\n<p><strong>Dar\u00edo Pale <\/strong><\/p>\n\n\n\n<p>Xalapa, Ver.- El registro de los candidatos a gobernador de Veracruz ser\u00e1 del 15 al 24 de marzo, as\u00ed lo dio a conocer la consejera presidenta del Organismo P\u00fablico Local Electoral (OPLE) de Veracruz Marisol Alicia Delgadillo Morales.<\/p>\n\n\n\n<p>En conferencia de prensa dio a conocer en el caso de los candidatos a diputados locales el registro se llevar\u00e1 a cabo del 17 de marzo al 5 de abril, por lo que tras el registro el OPLE habr\u00e1 de verificar que cumplan con los requisitos que marca la ley.\u00a0<\/p>\n\n\n\n<p>Esto pues record\u00f3 que en el caso de la campa\u00f1a a la gubernatura se realizar\u00e1 del \u00a031 de marzo y hasta el 29 mayo y en el caso de las diputaciones los candidatos podr\u00e1n hacer campa\u00f1a del 30 abril y 29 mayo.\u00a0<\/p>\n\n\n\n<p>Y advirti\u00f3 que en este periodo intercampa\u00f1as los precandidatos pueden tener reuniones privadas pero no pedir el voto.\u00a0<\/p>\n\n\n\n<p>&#8220;Nos encontramos en periodo de intercampa\u00f1as, durante este periodo es importante tener claro que los aspirantes no pueden realizar foros, debates en radio o televisi\u00f3n en donde se presente m\u00e1s de un candidato\u201d, coment\u00f3.<\/p>\n\n\n\n<p>Finalmente coment\u00f3, que s\u00ed se permite la difusi\u00f3n de \u00a0propaganda pol\u00edtica, invitar a la ciudadan\u00eda a formar parte del partido pol\u00edtico, as\u00ed como los medios pueden hacer entrevistas sobre partidos, pre candidaturas, candidaturas y otros temas.<\/p>\n","protected":false},"excerpt":{"rendered":"<p>Dar\u00edo Pale Xalapa, Ver.- El registro de los candidatos a gobernador de Veracruz ser\u00e1 del 15 al 24 de marzo, as\u00ed lo dio a conocer la consejera presidenta del Organismo P\u00fablico Local Electoral (OPLE) de Veracruz Marisol Alicia Delgadillo Morales. En conferencia de prensa dio a conocer en el caso de los candidatos a diputados [&hellip;]<\/p>\n","protected":false},"author":2476,"featured_media":51442,"comment_status":"open","ping_status":"open","sticky":false,"template":"","format":"standard","meta":{"_jetpack_memberships_contains_paid_content":false,"footnotes":""},"categories":[2],"tags":[],"class_list":["post-51441","post","type-post","status-publish","format-standard","has-post-thumbnail","hentry","category-estado"],"jetpack_featured_media_url":"https:\/\/encuentroinformativo.com.mx\/wp-content\/uploads\/2024\/03\/IMG-20240304-WA00532.jpg","jetpack_sharing_enabled":true,"jetpack_likes_enabled":true,"amp_enabled":true,"_links":{"self":[{"href":"https:\/\/encuentroinformativo.com.mx\/index.php?rest_route=\/wp\/v2\/posts\/51441","targetHints":{"allow":["GET"]}}],"collection":[{"href":"https:\/\/encuentroinformativo.com.mx\/index.php?rest_route=\/wp\/v2\/posts"}],"about":[{"href":"https:\/\/encuentroinformativo.com.mx\/index.php?rest_route=\/wp\/v2\/types\/post"}],"author":[{"embeddable":true,"href":"https:\/\/encuentroinformativo.com.mx\/index.php?rest_route=\/wp\/v2\/users\/2476"}],"replies":[{"embeddable":true,"href":"https:\/\/encuentroinformativo.com.mx\/index.php?rest_route=%2Fwp%2Fv2%2Fcomments&post=51441"}],"version-history":[{"count":1,"href":"https:\/\/encuentroinformativo.com.mx\/index.php?rest_route=\/wp\/v2\/posts\/51441\/revisions"}],"predecessor-version":[{"id":51443,"href":"https:\/\/encuentroinformativo.com.mx\/index.php?rest_route=\/wp\/v2\/posts\/51441\/revisions\/51443"}],"wp:featuredmedia":[{"embeddable":true,"href":"https:\/\/encuentroinformativo.com.mx\/index.php?rest_route=\/wp\/v2\/media\/51442"}],"wp:attachment":[{"href":"https:\/\/encuentroinformativo.com.mx\/index.php?rest_route=%2Fwp%2Fv2%2Fmedia&parent=51441"}],"wp:term":[{"taxonomy":"category","embeddable":true,"href":"https:\/\/encuentroinformativo.com.mx\/index.php?rest_route=%2Fwp%2Fv2%2Fcategories&post=51441"},{"taxonomy":"post_tag","embeddable":true,"href":"https:\/\/encuentroinformativo.com.mx\/index.php?rest_route=%2Fwp%2Fv2%2Ftags&post=51441"}],"curies":[{"name":"wp","href":"https:\/\/api.w.org\/{rel}","templated":true}]}}