{"id":51467,"date":"2024-03-05T10:22:45","date_gmt":"2024-03-05T16:22:45","guid":{"rendered":"https:\/\/encuentroinformativo.com.mx\/?p=51467"},"modified":"2024-03-05T10:22:51","modified_gmt":"2024-03-05T16:22:51","slug":"ex-portuarios-revientan-rueda-de-prensa-de-dante-delgado","status":"publish","type":"post","link":"https:\/\/encuentroinformativo.com.mx\/?p=51467","title":{"rendered":"Ex Portuarios  &#8220;revientan&#8221; rueda de prensa de Dante Delgado"},"content":{"rendered":"\n<p><strong>Alejandro \u00c1vila<\/strong><\/p>\n\n\n\n<p>Veracruz, Ver.- Ex trabajadores portuarios despedidos durante la requisa de 1991, &#8220;reventaron&#8221; la rueda de prensa que se encontraba dando el aspirante a la Senadur\u00eda por Movimiento Ciudadano, Dante Delgado Morales.<\/p>\n\n\n\n<p>Un grupo de choque de ex trabajadores portuarios irrumpi\u00f3 en conocido caf\u00e9 del centro de la ciudad de Veracruz, para agredir verbalmente al hijo de quien fuera gobernador de Veracruz durante la requisa del 31 de mayo del 91.<\/p>\n\n\n\n<p>El aspirante a una curul en la C\u00e1mara Alta intent\u00f3 calmar los \u00e1nimos de los manifestantes y solicit\u00f3 la presencia de su l\u00edder, Alejandro Pulido, para realizar una mesa de di\u00e1logo y conocer sus inconformidades; sin embargo, este no se encontraba presente y el resto de los quejosos se neg\u00f3 a entablar una conversaci\u00f3n.<\/p>\n\n\n\n<p>Debido a la interrupci\u00f3n de la rueda de prensa con los medios de comunicaci\u00f3n jarochos, Dante Delgado Morales, solicit\u00f3 a los reporteros ingresar al privado del comercio para culminar la entrevista, y posteriormente saldr\u00eda a atender y despejar las dudas de los manifestantes.<\/p>\n","protected":false},"excerpt":{"rendered":"<p>Alejandro \u00c1vila Veracruz, Ver.- Ex trabajadores portuarios despedidos durante la requisa de 1991, &#8220;reventaron&#8221; la rueda de prensa que se encontraba dando el aspirante a la Senadur\u00eda por Movimiento Ciudadano, Dante Delgado Morales. Un grupo de choque de ex trabajadores portuarios irrumpi\u00f3 en conocido caf\u00e9 del centro de la ciudad de Veracruz, para agredir verbalmente [&hellip;]<\/p>\n","protected":false},"author":2476,"featured_media":51468,"comment_status":"open","ping_status":"open","sticky":false,"template":"","format":"standard","meta":{"_jetpack_memberships_contains_paid_content":false,"footnotes":""},"categories":[2],"tags":[],"class_list":["post-51467","post","type-post","status-publish","format-standard","has-post-thumbnail","hentry","category-estado"],"jetpack_featured_media_url":"https:\/\/encuentroinformativo.com.mx\/wp-content\/uploads\/2024\/03\/IMG-20240305-WA0006.jpg","jetpack_sharing_enabled":true,"jetpack_likes_enabled":true,"amp_enabled":true,"_links":{"self":[{"href":"https:\/\/encuentroinformativo.com.mx\/index.php?rest_route=\/wp\/v2\/posts\/51467","targetHints":{"allow":["GET"]}}],"collection":[{"href":"https:\/\/encuentroinformativo.com.mx\/index.php?rest_route=\/wp\/v2\/posts"}],"about":[{"href":"https:\/\/encuentroinformativo.com.mx\/index.php?rest_route=\/wp\/v2\/types\/post"}],"author":[{"embeddable":true,"href":"https:\/\/encuentroinformativo.com.mx\/index.php?rest_route=\/wp\/v2\/users\/2476"}],"replies":[{"embeddable":true,"href":"https:\/\/encuentroinformativo.com.mx\/index.php?rest_route=%2Fwp%2Fv2%2Fcomments&post=51467"}],"version-history":[{"count":1,"href":"https:\/\/encuentroinformativo.com.mx\/index.php?rest_route=\/wp\/v2\/posts\/51467\/revisions"}],"predecessor-version":[{"id":51469,"href":"https:\/\/encuentroinformativo.com.mx\/index.php?rest_route=\/wp\/v2\/posts\/51467\/revisions\/51469"}],"wp:featuredmedia":[{"embeddable":true,"href":"https:\/\/encuentroinformativo.com.mx\/index.php?rest_route=\/wp\/v2\/media\/51468"}],"wp:attachment":[{"href":"https:\/\/encuentroinformativo.com.mx\/index.php?rest_route=%2Fwp%2Fv2%2Fmedia&parent=51467"}],"wp:term":[{"taxonomy":"category","embeddable":true,"href":"https:\/\/encuentroinformativo.com.mx\/index.php?rest_route=%2Fwp%2Fv2%2Fcategories&post=51467"},{"taxonomy":"post_tag","embeddable":true,"href":"https:\/\/encuentroinformativo.com.mx\/index.php?rest_route=%2Fwp%2Fv2%2Ftags&post=51467"}],"curies":[{"name":"wp","href":"https:\/\/api.w.org\/{rel}","templated":true}]}}